{"id":10998,"date":"2024-03-07T17:35:22","date_gmt":"2024-03-07T20:35:22","guid":{"rendered":"https:\/\/crab.rj.sebrae.com.br\/?p=10998"},"modified":"2024-04-01T12:26:22","modified_gmt":"2024-04-01T15:26:22","slug":"papo-crab-com-flavia-martins-reinado-da-lua","status":"publish","type":"post","link":"https:\/\/homologacaosites.rj.sebrae.com.br\/crab\/papo-crab-com-flavia-martins-reinado-da-lua\/","title":{"rendered":"Papo CRAB &#8211; bate-papo com Autor: Flavia Martins, autora do livro Reinado da Lua na Midiateca do CRAB"},"content":{"rendered":"<p>No dia 28 de fevereiro, a Midiateca do\u00a0<a href=\"https:\/\/homologacaosites.rj.sebrae.com.br\/crab\/sobre-o-crab\/\">Centro Sebrae de Refer\u00eancia do Artesanato Brasileiro (CRAB)<\/a>\u00a0recebeu o evento\u00a0<strong>\u201cPapo CRAB \u2013 bate-papo com Autor: Escultores Populares do Nordeste\u201d<\/strong>, conduzido pela escritora e pesquisadora\u00a0<strong>Fl\u00e1via Martins<\/strong>, coautora, junto com Silvia Rodrigues Coimbra e Leticia Duarte, do livro\u00a0<strong>\u201cO Reinado da Lua\u201d<\/strong>. Ela fez uma apresenta\u00e7\u00e3o sobre seu trabalho e apresentou ao p\u00fablico discuss\u00f5es sobre a import\u00e2ncia da arte popular e seu impacto na sociedade brasileira. O evento foi organizado pela analista do CRAB e bibliotec\u00e1ria Mayara Fonseca e moderado pela especialista em artesanato e analista do CRAB Laura Landau.<\/p>\n<figure id=\"attachment_11001\" aria-describedby=\"caption-attachment-11001\" style=\"width: 200px\" class=\"wp-caption alignnone\"><img fetchpriority=\"high\" decoding=\"async\" class=\"wp-image-11001 size-medium\" src=\"https:\/\/homologacaosites.rj.sebrae.com.br\/crab\/wp-content\/uploads\/2024\/03\/papo-crab-flavia-martins-reinado-da-lua-200x300.jpg\" alt=\"Fl\u00e1via Martins com seu livro &quot;Reinado da lua&quot;.\" width=\"200\" height=\"300\" srcset=\"https:\/\/homologacaosites.rj.sebrae.com.br\/crab\/wp-content\/uploads\/2024\/03\/papo-crab-flavia-martins-reinado-da-lua-200x300.jpg 200w, https:\/\/homologacaosites.rj.sebrae.com.br\/crab\/wp-content\/uploads\/2024\/03\/papo-crab-flavia-martins-reinado-da-lua-684x1024.jpg 684w, https:\/\/homologacaosites.rj.sebrae.com.br\/crab\/wp-content\/uploads\/2024\/03\/papo-crab-flavia-martins-reinado-da-lua-768x1150.jpg 768w, https:\/\/homologacaosites.rj.sebrae.com.br\/crab\/wp-content\/uploads\/2024\/03\/papo-crab-flavia-martins-reinado-da-lua-1025x1536.jpg 1025w, https:\/\/homologacaosites.rj.sebrae.com.br\/crab\/wp-content\/uploads\/2024\/03\/papo-crab-flavia-martins-reinado-da-lua-1367x2048.jpg 1367w, https:\/\/homologacaosites.rj.sebrae.com.br\/crab\/wp-content\/uploads\/2024\/03\/papo-crab-flavia-martins-reinado-da-lua-190x285.jpg 190w, https:\/\/homologacaosites.rj.sebrae.com.br\/crab\/wp-content\/uploads\/2024\/03\/papo-crab-flavia-martins-reinado-da-lua-scaled.jpg 1709w\" sizes=\"(max-width: 200px) 100vw, 200px\" \/><figcaption id=\"caption-attachment-11001\" class=\"wp-caption-text\">Fl\u00e1via Martins com seu livro &#8220;Reinado da lua&#8221;.<\/figcaption><\/figure>\n<p>Fl\u00e1via Martins compartilhou sua jornada de pesquisa, destacando seu trabalho de campo que resultou no registro documental dos artes\u00e3os nordestinos, at\u00e9 ent\u00e3o pouco reconhecidos nos circuitos art\u00edsticos convencionais. Sua obra, \u201cO Reinado da Lua\u201d, publicada em 1980, revelou um universo art\u00edstico genu\u00edno e original, documentando a hist\u00f3ria desses artistas escultores.<\/p>\n<p>Em \u00a02012, seguindo a mesma metodologia, o lugar da fala dos artistas, \u00a0Fl\u00e1via Martins expandiu sua explora\u00e7\u00e3o com o livro \u201cNova Fase da Lua\u201d, em coautoria com Rogerio Luz e Pedro Belchior, mergulhando nas express\u00f5es art\u00edsticas de\u00a0<a href=\"https:\/\/homologacaosites.rj.sebrae.com.br\/crab\/artesanato-brasil\/artesanato-de-pernambuco\/\">Pernambuco.<\/a>\u00a0A escritora destacou a import\u00e2ncia do movimento modernista de 1922, da exposi\u00e7\u00e3o de cer\u00e2mica popular pernambucana em 1947 e da cria\u00e7\u00e3o da galeria Nega Ful\u00f4, em 1969, por sua m\u00e3e, Silvia Rodrigues Coimbra. Tais iniciativas contribu\u00edram para a promo\u00e7\u00e3o do conhecimento, da comercializa\u00e7\u00e3o e da valoriza\u00e7\u00e3o das express\u00f5es culturais dos artistas populares do Nordeste.<\/p>\n<p>Ao longo dos anos, a arte popular foi gradualmente reconhecida por seu valor art\u00edstico nos grandes meios, gra\u00e7as ao trabalho de colecionadores como Jacques Van de Beque e Abelardo Rodrigues, e de galeristas como Silvia Rodrigues Coimbra. Fl\u00e1via destacou o papel desses colecionadores e galeristas na promo\u00e7\u00e3o da arte popular, aproximando-a da arte contempor\u00e2nea e dos circuitos de mercado qualificado.<\/p>\n<p>Um ponto importante discutido foi a valoriza\u00e7\u00e3o dos artistas populares como protagonistas de sua produ\u00e7\u00e3o art\u00edstica, aspecto enfatizado nos livros de Fl\u00e1via Martins. Ela salientou a import\u00e2ncia de abordar a escultura popular nordestina a partir, basicamente, da fala e da perspectiva dos artistas.<\/p>\n<p>Fl\u00e1via tamb\u00e9m compartilhou com o p\u00fablico suas experi\u00eancias, desde a pesquisa de campo at\u00e9 a publica\u00e7\u00e3o de seus livros, destacando as mudan\u00e7as ao longo dos anos, como o advento da tecnologia na comunica\u00e7\u00e3o com os artistas e os desafios persistentes de visibilidade no circuito das artes.<\/p>\n<p>A escritora tamb\u00e9m fez reflex\u00f5es sobre a preserva\u00e7\u00e3o da arte popular e o papel do CRAB como um potencial \u201chub\u201d de dissemina\u00e7\u00e3o desse conhecimento, reunindo especialistas, pesquisadores e mestres para fortalecer a rede de conex\u00f5es e promover o reconhecimento e valoriza\u00e7\u00e3o da arte popular brasileira.<\/p>\n<p><strong>\u201cPapo CRAB \u2013 bate-papo com Autor: Escultores Populares do Nordeste\u201d<\/strong> proporcionou uma imers\u00e3o profunda na riqueza da arte popular brasileira, destacando seu impacto cultural e a import\u00e2ncia de sua preserva\u00e7\u00e3o e difus\u00e3o.\u00a0Se voc\u00ea n\u00e3o pode participar ou quer relembrar esse bate-papo, <a href=\"https:\/\/homologacaosites.rj.sebrae.com.br\/crab\/assista-papo-crab-escultores-populares-do-nordeste\/\">assista aqui ao v\u00eddeo completo do nosso Papo CRAB!<\/a><\/p>\n<p>&nbsp;<\/p>\n<p><em>Texto por Mayara Fonseca, Lucas Lofrano, com a participa\u00e7\u00e3o de Laura Landau e Fl\u00e1via Martins.<\/em><\/p>\n<p>&nbsp;<\/p>\n","protected":false},"excerpt":{"rendered":"<p>A autora de &#8220;Reinado da lua&#8221; fez uma apresenta\u00e7\u00e3o sobre seu trabalho e apresentou ao p\u00fablico discuss\u00f5es sobre a import\u00e2ncia da arte popular e seu impacto na sociedade brasileira.<\/p>\n","protected":false},"author":312,"featured_media":11000,"comment_status":"open","ping_status":"open","sticky":false,"template":"","format":"aside","meta":{"footnotes":""},"categories":[274],"tags":[],"opcoes-da-programacao":[],"class_list":["post-10998","post","type-post","status-publish","format-aside","has-post-thumbnail","hentry","category-noticia","post_format-post-format-aside"],"_links":{"self":[{"href":"https:\/\/homologacaosites.rj.sebrae.com.br\/crab\/wp-json\/wp\/v2\/posts\/10998","targetHints":{"allow":["GET"]}}],"collection":[{"href":"https:\/\/homologacaosites.rj.sebrae.com.br\/crab\/wp-json\/wp\/v2\/posts"}],"about":[{"href":"https:\/\/homologacaosites.rj.sebrae.com.br\/crab\/wp-json\/wp\/v2\/types\/post"}],"author":[{"embeddable":true,"href":"https:\/\/homologacaosites.rj.sebrae.com.br\/crab\/wp-json\/wp\/v2\/users\/312"}],"replies":[{"embeddable":true,"href":"https:\/\/homologacaosites.rj.sebrae.com.br\/crab\/wp-json\/wp\/v2\/comments?post=10998"}],"version-history":[{"count":0,"href":"https:\/\/homologacaosites.rj.sebrae.com.br\/crab\/wp-json\/wp\/v2\/posts\/10998\/revisions"}],"wp:featuredmedia":[{"embeddable":true,"href":"https:\/\/homologacaosites.rj.sebrae.com.br\/crab\/wp-json\/wp\/v2\/media\/11000"}],"wp:attachment":[{"href":"https:\/\/homologacaosites.rj.sebrae.com.br\/crab\/wp-json\/wp\/v2\/media?parent=10998"}],"wp:term":[{"taxonomy":"category","embeddable":true,"href":"https:\/\/homologacaosites.rj.sebrae.com.br\/crab\/wp-json\/wp\/v2\/categories?post=10998"},{"taxonomy":"post_tag","embeddable":true,"href":"https:\/\/homologacaosites.rj.sebrae.com.br\/crab\/wp-json\/wp\/v2\/tags?post=10998"},{"taxonomy":"opcoes-da-programacao","embeddable":true,"href":"https:\/\/homologacaosites.rj.sebrae.com.br\/crab\/wp-json\/wp\/v2\/opcoes-da-programacao?post=10998"}],"curies":[{"name":"wp","href":"https:\/\/api.w.org\/{rel}","templated":true}]}}