{"id":11028,"date":"2024-03-11T11:41:51","date_gmt":"2024-03-11T14:41:51","guid":{"rendered":"https:\/\/crab.rj.sebrae.com.br\/?p=11028"},"modified":"2024-03-11T11:41:51","modified_gmt":"2024-03-11T14:41:51","slug":"assista-papo-crab-escultores-populares-do-nordeste","status":"publish","type":"post","link":"https:\/\/homologacaosites.rj.sebrae.com.br\/crab\/assista-papo-crab-escultores-populares-do-nordeste\/","title":{"rendered":"Assista a \u00edntegra do Papo CRAB bate-papo com Autor: Escultores Populares do Nordeste!"},"content":{"rendered":"<p>No dia 28 de fevereiro, a Midiateca do Centro Sebrae de Refer\u00eancia do Artesanato Brasileiro (CRAB) recebeu o evento <a href=\"https:\/\/homologacaosites.rj.sebrae.com.br\/crab\/papo-crab-com-flavia-martins-reinado-da-lua\/\">Papo CRAB \u2013 bate-papo com o autor: Escultores Populares do Nordeste<\/a>, conduzido pela escritora Fl\u00e1via Martins, autora do livro \u201cO Reinado da Lua\u201d. Ela discutiu a import\u00e2ncia da arte popular e seu impacto na sociedade brasileira, compartilhando insights de sua pesquisa e destacando a valoriza\u00e7\u00e3o dos artistas populares.<\/p>\n<p>Se voc\u00ea n\u00e3o pode participar ou quer relembrar a imers\u00e3o na riqueza da arte popular brasileira e sua preserva\u00e7\u00e3o cultural, assista aqui ao v\u00eddeo completo do nosso Papo CRAB!<\/p>\n<p><iframe title=\"Papo CRAB: bate-papo com o autor | Escultores Populares do Nordeste\" width=\"800\" height=\"450\" src=\"https:\/\/www.youtube.com\/embed\/VU7uIERU_W8?feature=oembed\" frameborder=\"0\" allow=\"accelerometer; autoplay; clipboard-write; encrypted-media; gyroscope; picture-in-picture; web-share\" allowfullscreen><\/iframe><\/p>\n","protected":false},"excerpt":{"rendered":"<p>No dia 28 de fevereiro, a Midiateca do Centro Sebrae de Refer\u00eancia do Artesanato Brasileiro (CRAB) recebeu o evento Papo CRAB \u2013 bate-papo com o autor: Escultores Populares do Nordeste, conduzido pela escritora Fl\u00e1via Martins, autora do livro \u201cO Reinado da Lua\u201d. Ela discutiu a import\u00e2ncia da arte popular e seu impacto na sociedade brasileira, [&hellip;]<\/p>\n","protected":false},"author":273,"featured_media":11001,"comment_status":"open","ping_status":"open","sticky":false,"template":"","format":"video","meta":{"footnotes":""},"categories":[274],"tags":[],"opcoes-da-programacao":[],"class_list":["post-11028","post","type-post","status-publish","format-video","has-post-thumbnail","hentry","category-noticia","post_format-post-format-video"],"_links":{"self":[{"href":"https:\/\/homologacaosites.rj.sebrae.com.br\/crab\/wp-json\/wp\/v2\/posts\/11028","targetHints":{"allow":["GET"]}}],"collection":[{"href":"https:\/\/homologacaosites.rj.sebrae.com.br\/crab\/wp-json\/wp\/v2\/posts"}],"about":[{"href":"https:\/\/homologacaosites.rj.sebrae.com.br\/crab\/wp-json\/wp\/v2\/types\/post"}],"author":[{"embeddable":true,"href":"https:\/\/homologacaosites.rj.sebrae.com.br\/crab\/wp-json\/wp\/v2\/users\/273"}],"replies":[{"embeddable":true,"href":"https:\/\/homologacaosites.rj.sebrae.com.br\/crab\/wp-json\/wp\/v2\/comments?post=11028"}],"version-history":[{"count":0,"href":"https:\/\/homologacaosites.rj.sebrae.com.br\/crab\/wp-json\/wp\/v2\/posts\/11028\/revisions"}],"wp:featuredmedia":[{"embeddable":true,"href":"https:\/\/homologacaosites.rj.sebrae.com.br\/crab\/wp-json\/wp\/v2\/media\/11001"}],"wp:attachment":[{"href":"https:\/\/homologacaosites.rj.sebrae.com.br\/crab\/wp-json\/wp\/v2\/media?parent=11028"}],"wp:term":[{"taxonomy":"category","embeddable":true,"href":"https:\/\/homologacaosites.rj.sebrae.com.br\/crab\/wp-json\/wp\/v2\/categories?post=11028"},{"taxonomy":"post_tag","embeddable":true,"href":"https:\/\/homologacaosites.rj.sebrae.com.br\/crab\/wp-json\/wp\/v2\/tags?post=11028"},{"taxonomy":"opcoes-da-programacao","embeddable":true,"href":"https:\/\/homologacaosites.rj.sebrae.com.br\/crab\/wp-json\/wp\/v2\/opcoes-da-programacao?post=11028"}],"curies":[{"name":"wp","href":"https:\/\/api.w.org\/{rel}","templated":true}]}}