{"id":11081,"date":"2024-03-21T17:37:57","date_gmt":"2024-03-21T20:37:57","guid":{"rendered":"https:\/\/crab.rj.sebrae.com.br\/?p=11081"},"modified":"2024-04-26T12:19:48","modified_gmt":"2024-04-26T15:19:48","slug":"vale-do-jequitinhonha-e-seus-artesaos","status":"publish","type":"post","link":"https:\/\/homologacaosites.rj.sebrae.com.br\/crab\/vale-do-jequitinhonha-e-seus-artesaos\/","title":{"rendered":"Vale do Jequitinhonha: artes\u00e3os e seu territ\u00f3rio, uma homenagem"},"content":{"rendered":"<h1><strong>Conhe\u00e7a um pouco do Vale do Jequitinhonha: Territ\u00f3rio de Riquezas<\/strong><\/h1>\n<p>Localizado no estado de Minas Gerais, na Regi\u00e3o Sudeste do Brasil, o Vale do Jequitinhonha \u00e9 uma \u00e1rea riqu\u00edssima em beleza natural e possui uma vasta riqueza cultural.<\/p>\n<h2><strong>Hist\u00f3ria e Explora\u00e7\u00e3o Mineral:<\/strong><\/h2>\n<p>A hist\u00f3ria desse territ\u00f3rio e o Rio Jequitinhonha, que atravessa suas terras, desde a sua origem em Serro at\u00e9 sua foz em Belmonte, na Bahia, entrela\u00e7am-se. \u00c9 uma regi\u00e3o que sofre a influ\u00eancia das culturas portuguesa, negra e ind\u00edgena. Antes da chegada dos colonizadores europeus, o vale era habitado por diversos povos ind\u00edgenas, incluindo os botocudos, aran\u00e3s e tocoi\u00f3s. A explora\u00e7\u00e3o europeia iniciou-se no s\u00e9culo XVI, com expedi\u00e7\u00f5es em busca de minerais preciosos, como ouro e diamantes.<\/p>\n<figure id=\"attachment_11082\" aria-describedby=\"caption-attachment-11082\" style=\"width: 300px\" class=\"wp-caption alignnone\"><img fetchpriority=\"high\" decoding=\"async\" class=\"size-medium wp-image-11082\" src=\"https:\/\/homologacaosites.rj.sebrae.com.br\/crab\/wp-content\/uploads\/2024\/03\/Vale-do-Jequitinhonha-300x244.png\" alt=\"\" width=\"300\" height=\"244\" srcset=\"https:\/\/homologacaosites.rj.sebrae.com.br\/crab\/wp-content\/uploads\/2024\/03\/Vale-do-Jequitinhonha-300x244.png 300w, https:\/\/homologacaosites.rj.sebrae.com.br\/crab\/wp-content\/uploads\/2024\/03\/Vale-do-Jequitinhonha-190x154.png 190w, https:\/\/homologacaosites.rj.sebrae.com.br\/crab\/wp-content\/uploads\/2024\/03\/Vale-do-Jequitinhonha.png 750w\" sizes=\"(max-width: 300px) 100vw, 300px\" \/><figcaption id=\"caption-attachment-11082\" class=\"wp-caption-text\"><em>Vale do Jequitinhonha<\/em><br \/><em>Fonte: Wikip\u00e9dia<\/em><\/figcaption><\/figure>\n<p>Ao longo do s\u00e9culo XVIII, a descoberta de ouro em Serro e de diamantes em Diamantina e Gr\u00e3o Mogol atraiu uma avalanche de garimpeiros que buscavam fortuna nos leitos dos rios e afluentes da regi\u00e3o. Isso castigou muito esse territ\u00f3rio. Assim, o Vale do Jequitinhonha tornou-se um importante polo de ocupa\u00e7\u00e3o e explora\u00e7\u00e3o mineral no Brasil colonial.<\/p>\n<h2><strong>Desenvolvimento e Decl\u00ednio<\/strong><\/h2>\n<p>No final do s\u00e9culo XIX, a riqueza do Vale do Jequitinhonha entrou em decl\u00ednio, devido \u00e0 concorr\u00eancia dos diamantes africanos e \u00e0 uma severa seca. Cr\u00edticas ao abandono da regi\u00e3o foram destacadas no jornal O Jequitinhonha. No s\u00e9culo XX, a regi\u00e3o foi estigmatizada como o &#8220;Vale da Mis\u00e9ria&#8221;. Esfor\u00e7os de desenvolvimento, como a CODEVALE, n\u00e3o tiveram sucesso e o reflorestamento com eucalipto gerou mais pobreza. A constru\u00e7\u00e3o da Usina Hidrel\u00e9trica de Irap\u00e9, em 2006, e a perspectiva da extra\u00e7\u00e3o de l\u00edtio ofereceram algo de esperan\u00e7a para o desenvolvimento futuro da regi\u00e3o. Mas tamb\u00e9m trouxeram outro o velho temor de a regi\u00e3o se tornar um novo Eldorado para a regi\u00e3o, deixando a terra arrasada ap\u00f3s findar os recursos explorat\u00f3rios.<\/p>\n<p>O Vale do Jequitinhonha compreende 80 munic\u00edpios distribu\u00eddos em uma \u00e1rea de 85.467,10 km\u00b2, correspondendo a 14,5% do estado. Dividido em tr\u00eas regi\u00f5es &#8211; Alto Jequitinhonha (pr\u00f3ximo \u00e0 nascente do rio, em Diamantina), M\u00e9dio Jequitinhonha (em Ara\u00e7ua\u00ed) e Baixo Jequitinhonha (perto da foz, em Almenara, sul da Bahia) -, o Vale apresenta caracter\u00edsticas geogr\u00e1ficas distintas em cada regi\u00e3o.<\/p>\n<p>No Vale do Jequitinhonha, onde os principais biomas s\u00e3o a Mata Atl\u00e2ntica, a Caatinga e o Cerrado, a regi\u00e3o enfrenta desafios ambientais decorrentes das atividades humanas, como a expans\u00e3o da monocultura do eucalipto e a minera\u00e7\u00e3o, ambos afetam a biodiversidade desses ecossistemas.<\/p>\n<figure id=\"attachment_11087\" aria-describedby=\"caption-attachment-11087\" style=\"width: 300px\" class=\"wp-caption alignnone\"><img decoding=\"async\" class=\"size-medium wp-image-11087\" src=\"https:\/\/homologacaosites.rj.sebrae.com.br\/crab\/wp-content\/uploads\/2024\/03\/Conheca-Minas-300x300.png\" alt=\"\" width=\"300\" height=\"300\" srcset=\"https:\/\/homologacaosites.rj.sebrae.com.br\/crab\/wp-content\/uploads\/2024\/03\/Conheca-Minas-300x300.png 300w, https:\/\/homologacaosites.rj.sebrae.com.br\/crab\/wp-content\/uploads\/2024\/03\/Conheca-Minas-150x150.png 150w, https:\/\/homologacaosites.rj.sebrae.com.br\/crab\/wp-content\/uploads\/2024\/03\/Conheca-Minas-190x190.png 190w, https:\/\/homologacaosites.rj.sebrae.com.br\/crab\/wp-content\/uploads\/2024\/03\/Conheca-Minas.png 670w\" sizes=\"(max-width: 300px) 100vw, 300px\" \/><figcaption id=\"caption-attachment-11087\" class=\"wp-caption-text\"><em>Fonte: Conhe\u00e7a Minas<\/em><\/figcaption><\/figure>\n<p>Apesar das dificuldades causadas pela explora\u00e7\u00e3o de min\u00e9rio e pelas monoculturas, \u00e9 exatamente nesse territ\u00f3rio, ao norte de Minas Gerais, na conflu\u00eancia entre a Caatinga, a Mata Atl\u00e2ntica e o Cerrado, que surge a for\u00e7a das mulheres artes\u00e3s. Elas encontraram no trabalho com o barro n\u00e3o apenas uma express\u00e3o cultural, mas tamb\u00e9m um meio de impulsionar o desenvolvimento local e gerar renda para suas fam\u00edlias.<\/p>\n<h2><strong>Dona Izabel: A for\u00e7a e o legado da mulher artes\u00e3<\/strong><\/h2>\n<p>Nesse contexto, a hist\u00f3ria das famosas bonecas da regi\u00e3o do Vale do Jequitinhonha est\u00e1 intimamente ligada \u00e0 vida de Dona Izabel Mendes, uma ilustre moradora da comunidade de Santana do Ara\u00e7ari. Izabel Mendes da Cunha nasceu em 3 de agosto de 1924, na comunidade rural de C\u00f3rrego Novo, falecendo no dia 30\/10\/2014, aos 90 anos, em Santana do Ara\u00e7ua\u00ed, no Vale do Jequitinhonha. Ela estaria completando 100 anos em 2024 e deixou um legado inestim\u00e1vel, compartilhando seu conhecimento com todos que buscavam sua orienta\u00e7\u00e3o, incluindo sua filha e neta.<\/p>\n<figure id=\"attachment_11088\" aria-describedby=\"caption-attachment-11088\" style=\"width: 199px\" class=\"wp-caption alignnone\"><img decoding=\"async\" class=\"size-medium wp-image-11088\" src=\"https:\/\/homologacaosites.rj.sebrae.com.br\/crab\/wp-content\/uploads\/2024\/03\/Dona-Izabel-Mendes-da-Cunha-completaria-100-anos-em-2024-199x300.png\" alt=\"\" width=\"199\" height=\"300\" srcset=\"https:\/\/homologacaosites.rj.sebrae.com.br\/crab\/wp-content\/uploads\/2024\/03\/Dona-Izabel-Mendes-da-Cunha-completaria-100-anos-em-2024-199x300.png 199w, https:\/\/homologacaosites.rj.sebrae.com.br\/crab\/wp-content\/uploads\/2024\/03\/Dona-Izabel-Mendes-da-Cunha-completaria-100-anos-em-2024-190x287.png 190w, https:\/\/homologacaosites.rj.sebrae.com.br\/crab\/wp-content\/uploads\/2024\/03\/Dona-Izabel-Mendes-da-Cunha-completaria-100-anos-em-2024.png 497w\" sizes=\"(max-width: 199px) 100vw, 199px\" \/><figcaption id=\"caption-attachment-11088\" class=\"wp-caption-text\"><a href=\"https:\/\/revistahistoriasdesucesso.sebraemg.com.br\/edicao2\/artesanato.php\" target=\"_blank\" rel=\"noopener\"><em>Dona Izabel Mendes da Cunha completaria 100 anos em 2024.<\/em><\/a><\/figcaption><\/figure>\n<p>Izabel Mendes da Cunha, a criadora das famosas moringas-bonecas, foi uma das principais protagonistas dessa hist\u00f3ria de desenvolvimento, impulsionada pelo artesanato e pelas artes populares. Sob sua orienta\u00e7\u00e3o, o mundo do artesanato chegou aos artistas locais, e muitas outras mulheres assumiram o papel de agentes de express\u00e3o da cultura popular do Vale do Jequitinhonha.<\/p>\n<figure id=\"attachment_11089\" aria-describedby=\"caption-attachment-11089\" style=\"width: 212px\" class=\"wp-caption alignnone\"><img loading=\"lazy\" decoding=\"async\" class=\"size-medium wp-image-11089\" src=\"https:\/\/homologacaosites.rj.sebrae.com.br\/crab\/wp-content\/uploads\/2024\/03\/Izabel-Mendes-da-Cunha-212x300.png\" alt=\"\" width=\"212\" height=\"300\" srcset=\"https:\/\/homologacaosites.rj.sebrae.com.br\/crab\/wp-content\/uploads\/2024\/03\/Izabel-Mendes-da-Cunha-212x300.png 212w, https:\/\/homologacaosites.rj.sebrae.com.br\/crab\/wp-content\/uploads\/2024\/03\/Izabel-Mendes-da-Cunha-190x268.png 190w, https:\/\/homologacaosites.rj.sebrae.com.br\/crab\/wp-content\/uploads\/2024\/03\/Izabel-Mendes-da-Cunha.png 531w\" sizes=\"(max-width: 212px) 100vw, 212px\" \/><figcaption id=\"caption-attachment-11089\" class=\"wp-caption-text\"><em>\u00a0Exposi\u00e7\u00e3o &#8220;Izabel Mendes da Cunha: Cer\u00e2micas&#8221;, Galeria Esta\u00e7\u00e3o. Foto: Germana Monte-M\u00f3r<\/em><\/figcaption><\/figure>\n<h2><strong>Encontros de Novas Gera\u00e7\u00f5es<\/strong><\/h2>\n<p>A beleza de juntar o \u201cvelho\u201d e o \u201cnovo\u201d se revela de maneira extraordin\u00e1ria na tradi\u00e7\u00e3o artesanal do Vale do Jequitinhonha, onde a sabedoria dos mestres encontra as m\u00e3os talentosas da nova gera\u00e7\u00e3o. Dona Izabel Mendes, uma figura que expressa a ancestralidade na comunidade de Santana do Ara\u00e7ari, n\u00e3o apenas transmitiu seu conhecimento para sua filha Gl\u00f3ria e neta Andr\u00e9ia Andrade, como tamb\u00e9m foi mestra de muitas outras artes\u00e3s e do promissor artes\u00e3o Augusto Ribeiro, um jovem de pouco mais de 20 anos.<\/p>\n<figure id=\"attachment_11092\" aria-describedby=\"caption-attachment-11092\" style=\"width: 294px\" class=\"wp-caption alignnone\"><img loading=\"lazy\" decoding=\"async\" class=\"size-medium wp-image-11092\" src=\"https:\/\/homologacaosites.rj.sebrae.com.br\/crab\/wp-content\/uploads\/2024\/03\/Joao-Augusto-Alves-Ribeiro-294x300.png\" alt=\"\" width=\"294\" height=\"300\" srcset=\"https:\/\/homologacaosites.rj.sebrae.com.br\/crab\/wp-content\/uploads\/2024\/03\/Joao-Augusto-Alves-Ribeiro-294x300.png 294w, https:\/\/homologacaosites.rj.sebrae.com.br\/crab\/wp-content\/uploads\/2024\/03\/Joao-Augusto-Alves-Ribeiro-190x194.png 190w, https:\/\/homologacaosites.rj.sebrae.com.br\/crab\/wp-content\/uploads\/2024\/03\/Joao-Augusto-Alves-Ribeiro.png 734w\" sizes=\"(max-width: 294px) 100vw, 294px\" \/><figcaption id=\"caption-attachment-11092\" class=\"wp-caption-text\"><em>Joao Augusto Alves Ribeiro<\/em><br \/><em>Fonte: Site Pouso e Prosa<\/em><\/figcaption><\/figure>\n<p>Augusto, desde a inf\u00e2ncia, frequentava o ateli\u00ea de Dona Izabel com sua m\u00e3e, Alice Ribeiro, tamb\u00e9m uma ceramista talentosa. O legado de Dona Izabel reflete a import\u00e2ncia da mem\u00f3ria e da transmiss\u00e3o de saberes na preserva\u00e7\u00e3o das tradi\u00e7\u00f5es familiares e comunit\u00e1rias.<\/p>\n<p>Dona Izabel reflete a cultura de uma regi\u00e3o onde as mulheres precisavam se apegar na for\u00e7a resiliente umas das outras. Uma regi\u00e3o marcada pelo \u00eaxodo tempor\u00e1rio de homens, que partiam para outros trabalhos sazonais, deixando as mulheres e crian\u00e7as sozinhas por grandes temporadas. Foi o barro um potente elo entre elas. Dona Izabel n\u00e3o negava seu saber a ningu\u00e9m, pelo contr\u00e1rio: multiplicava e, com isso, novas gera\u00e7\u00f5es de ceramistas foram se formando e tra\u00e7ando nova identidade ao territ\u00f3rio t\u00e3o desafiado pelas adversidades de tempo e da explora\u00e7\u00e3o da terra.<\/p>\n<h2><strong>Diversidade da Produ\u00e7\u00e3o Artesanal<\/strong><\/h2>\n<p>A nova gera\u00e7\u00e3o de ceramistas da regi\u00e3o, representada na figura do jovem Augusto Ribeiro, perpetua as t\u00e9cnicas aprendidas na inf\u00e2ncia e desafia estere\u00f3tipos de g\u00eanero, mostrando que a arte da cer\u00e2mica n\u00e3o \u00e9 exclusivamente feminina \u2013 embora elas sejam predominantes. Esse contexto social de intera\u00e7\u00e3o entre mestres e disc\u00edpulos \u00e9 essencial para a preserva\u00e7\u00e3o da mem\u00f3ria cultural e a liberdade para inova\u00e7\u00e3o. Nesse sistema de trocas m\u00fatuas de aprendizado, os objetos artesanais ganham valor est\u00e9tico e significado simb\u00f3lico, transformando o territ\u00f3rio em um verdadeiro tesouro de riqueza cultural.<\/p>\n<p>Outros nomes tamb\u00e9m despontam na produ\u00e7\u00e3o da arte que vem do barro do Jequitinhonha, como Zezinha, Noemisa Batista, Adriana Xavier, que al\u00e9m das tradicionais bonecas introduzem novos formatos e utilit\u00e1rios, sejam inspirados na paisagem \u00e1rida da regi\u00e3o ou em parcerias com designers que exploram a riqueza \u00fanica do Jequitinhonha para oferecer novas perspectivas.<\/p>\n<figure id=\"attachment_11094\" aria-describedby=\"caption-attachment-11094\" style=\"width: 300px\" class=\"wp-caption alignnone\"><img loading=\"lazy\" decoding=\"async\" class=\"size-medium wp-image-11094\" src=\"https:\/\/homologacaosites.rj.sebrae.com.br\/crab\/wp-content\/uploads\/2024\/03\/Conheca-Minas-1-300x146.png\" alt=\"\" width=\"300\" height=\"146\" srcset=\"https:\/\/homologacaosites.rj.sebrae.com.br\/crab\/wp-content\/uploads\/2024\/03\/Conheca-Minas-1-300x146.png 300w, https:\/\/homologacaosites.rj.sebrae.com.br\/crab\/wp-content\/uploads\/2024\/03\/Conheca-Minas-1-190x93.png 190w, https:\/\/homologacaosites.rj.sebrae.com.br\/crab\/wp-content\/uploads\/2024\/03\/Conheca-Minas-1.png 750w\" sizes=\"(max-width: 300px) 100vw, 300px\" \/><figcaption id=\"caption-attachment-11094\" class=\"wp-caption-text\"><em>Fonte: Conhe\u00e7a Minas<\/em><\/figcaption><\/figure>\n<p>O Vale \u00e9 um espa\u00e7o paradoxal, tamb\u00e9m reconhecido como terra de poetas do cotidiano, como Maria Assun\u00e7\u00e3o Ribeiro e Jo\u00e3o Alves de Taiobeiras, que expressam nas suas cer\u00e2micas as nuances da vida di\u00e1ria, desde rituais de dan\u00e7a at\u00e9 cerim\u00f4nias de casamento, revelando a intera\u00e7\u00e3o temporal entre o ser humano e a natureza.<\/p>\n<figure id=\"attachment_11096\" aria-describedby=\"caption-attachment-11096\" style=\"width: 300px\" class=\"wp-caption alignnone\"><img loading=\"lazy\" decoding=\"async\" class=\"size-medium wp-image-11096\" src=\"https:\/\/homologacaosites.rj.sebrae.com.br\/crab\/wp-content\/uploads\/2024\/03\/Obra-de-Joao-Alves-de-Taiobeiras-300x169.png\" alt=\"\" width=\"300\" height=\"169\" srcset=\"https:\/\/homologacaosites.rj.sebrae.com.br\/crab\/wp-content\/uploads\/2024\/03\/Obra-de-Joao-Alves-de-Taiobeiras-300x169.png 300w, https:\/\/homologacaosites.rj.sebrae.com.br\/crab\/wp-content\/uploads\/2024\/03\/Obra-de-Joao-Alves-de-Taiobeiras-190x107.png 190w, https:\/\/homologacaosites.rj.sebrae.com.br\/crab\/wp-content\/uploads\/2024\/03\/Obra-de-Joao-Alves-de-Taiobeiras.png 750w\" sizes=\"(max-width: 300px) 100vw, 300px\" \/><figcaption id=\"caption-attachment-11096\" class=\"wp-caption-text\"><em>Obra de Joao Alves de Taiobeiras<\/em><br \/><em>Fonte: UFMG<\/em><\/figcaption><\/figure>\n<p>As artes\u00e3s e artes\u00e3os da regi\u00e3o continuam a evoluir em suas t\u00e9cnicas, explorando uma variedade de formatos, desde bonecas at\u00e9 seres fant\u00e1sticos e utilit\u00e1rios. A tradi\u00e7\u00e3o oleira e ceramista atravessa gera\u00e7\u00f5es, retratando quase sempre comportamentos e rituais locais. Agora, com o advento da tecnologia e da internet, os horizontes se expandem, influenciando as novas gera\u00e7\u00f5es e refletindo-se na arte produzida.<\/p>\n<p>Ao realizar esta jornada pelo Vale do Jequitinhonha, \u00e9 imposs\u00edvel n\u00e3o sentir um profundo apego por essa regi\u00e3o de riquezas inestim\u00e1veis, um verdadeiro patrim\u00f4nio nacional. O Vale entrega n\u00e3o apenas beleza natural, mas tamb\u00e9m nos apresenta uma importante heran\u00e7a cultural, resili\u00eancia e for\u00e7a de sua gente. Ao longo dos s\u00e9culos, a regi\u00e3o enfrentou desafios que poderiam ter abalado sua ess\u00eancia, mas em vez disso emergiu e se reinventou com uma identidade ainda mais forte e potente.<\/p>\n<p>Nas m\u00e3os das artes\u00e3s e dos artes\u00e3os, encontramos a alma do Vale, que transforma o simples barro em express\u00f5es de beleza e significado. O legado de Dona Izabel Mendes, assim como de tantos outros mestres, ecoa atrav\u00e9s das gera\u00e7\u00f5es e nos lembra da import\u00e2ncia da mem\u00f3ria e da transmiss\u00e3o de saberes para a preserva\u00e7\u00e3o das tradi\u00e7\u00f5es.<\/p>\n<p>Ao testemunhar o encontro entre o &#8220;velho&#8221; e o &#8220;novo&#8221;, entre a sabedoria ancestral e a inova\u00e7\u00e3o, somos lembrados de que a cultura \u00e9 uma constru\u00e7\u00e3o coletiva, enriquecida pela troca constante entre mestres e disc\u00edpulos. \u00c9 essa diversidade e essa vitalidade que tornam o Vale do Jequitinhonha um verdadeiro tesouro cultural, um lugar onde a hist\u00f3ria se entrela\u00e7a com o presente, e onde o amor pela terra e pela arte se manifesta em cada pe\u00e7a de cer\u00e2mica, em cada verso de poesia.<\/p>\n<p>Ao nos despedirmos deste texto, levamos conosco um pouco de conhecimento e tamb\u00e9m um sentimento de admira\u00e7\u00e3o e gratid\u00e3o por essa terra e por sua gente. Que o Vale do Jequitinhonha continue a brilhar como um farol de inspira\u00e7\u00e3o e resili\u00eancia, iluminando o caminho das futuras gera\u00e7\u00f5es com sua beleza e sua cultura \u00fanicas.<\/p>\n<p><strong>Para saber mais<\/strong><\/p>\n<p>Em dezembro de 2021, o CRAB lan\u00e7ou a mostra <a href=\"https:\/\/www.youtube.com\/watch?v=XUY2GVg2LRo&amp;list=PLrbh8qgGKeRlQdhL-zEgbP-g9OvlBFKbo\" target=\"_blank\" rel=\"noopener\">\u201cPelas \u00e1guas do Jequitinhonha me deixei levar\u201d.<\/a><\/p>\n<p>A mostra reuniu pe\u00e7as em cer\u00e2mica de 130 artes\u00e3s mineiras do Vale do Jequitinhonha. A iniciativa fez parte das a\u00e7\u00f5es do Sebrae de Minas Gerais para divulgar a \u201cmarca territ\u00f3rio\u201d, lan\u00e7ada em outubro de 2021 com o prop\u00f3sito de valorizar a origem e a identidade da regi\u00e3o. Entre os produtos em destaque na mostra, estavam as tradicionais bonecas em cer\u00e2mica. Al\u00e9m disso, nas vitrines do CRAB tamb\u00e9m foram apresentadas pe\u00e7as decorativas e utilit\u00e1rios dom\u00e9sticos feitos por artes\u00e3s das comunidades de Coqueiro Campo, Campo Alegre (distritos de Turmalina), Cachoeira do Fanado (distrito de Minas Novas) e Santana do Ara\u00e7ua\u00ed (distrito de Ponto dos Volantes).<\/p>\n<p>&nbsp;<\/p>\n<p>Texto por Mayara Fonseca<br \/>\nRevis\u00e3o: Graciela Urquiza<\/p>\n<p>&nbsp;<\/p>\n<p><strong>Fontes:<\/strong><\/p>\n<p><strong>Vale do Jequitinhonha.<\/strong> In: <strong>Wikip\u00e9dia: a enciclop\u00e9dia livre.<\/strong> Wikimedia, 2024. Dispon\u00edvel em: <a href=\"https:\/\/pt.wikipedia.org\/wiki\/Vale_do_Jequitinhonha\" target=\"_blank\" rel=\"noopener\">https:\/\/pt.wikipedia.org\/wiki\/Vale_do_Jequitinhonha<\/a>. Acesso em: 19 mar. 2024.<\/p>\n<p><strong>SEBRAE MINAS.<\/strong> <strong>Artesanato no Vale do Jequitinhonha &#8211; Hist\u00f3rias de Sucesso. <\/strong>YouTube, 9 de ago. de 2022.<br \/>\nDispon\u00edvel em: <a href=\"https:\/\/www.youtube.com\/watch?v=50N_taM8p8o\" target=\"_blank\" rel=\"noopener\">https:\/\/www.youtube.com\/watch?v=50N_taM8p8o.<\/a> Acesso em: 10 mar 2024<\/p>\n<p>MASCELANI, Angela. <strong>Caminhos da Arte Popular:<\/strong> O Vale do Jequitinhonha. Rio de Janeiro : Museu Casa do Pontal, 2008. 180 p.<\/p>\n","protected":false},"excerpt":{"rendered":"<p>Conhe\u00e7a um pouco do Vale do Jequitinhonha: Territ\u00f3rio de Riquezas<\/p>\n","protected":false},"author":313,"featured_media":11087,"comment_status":"open","ping_status":"open","sticky":false,"template":"","format":"aside","meta":{"footnotes":""},"categories":[281],"tags":[],"opcoes-da-programacao":[],"class_list":["post-11081","post","type-post","status-publish","format-aside","has-post-thumbnail","hentry","category-artigo","post_format-post-format-aside"],"_links":{"self":[{"href":"https:\/\/homologacaosites.rj.sebrae.com.br\/crab\/wp-json\/wp\/v2\/posts\/11081","targetHints":{"allow":["GET"]}}],"collection":[{"href":"https:\/\/homologacaosites.rj.sebrae.com.br\/crab\/wp-json\/wp\/v2\/posts"}],"about":[{"href":"https:\/\/homologacaosites.rj.sebrae.com.br\/crab\/wp-json\/wp\/v2\/types\/post"}],"author":[{"embeddable":true,"href":"https:\/\/homologacaosites.rj.sebrae.com.br\/crab\/wp-json\/wp\/v2\/users\/313"}],"replies":[{"embeddable":true,"href":"https:\/\/homologacaosites.rj.sebrae.com.br\/crab\/wp-json\/wp\/v2\/comments?post=11081"}],"version-history":[{"count":0,"href":"https:\/\/homologacaosites.rj.sebrae.com.br\/crab\/wp-json\/wp\/v2\/posts\/11081\/revisions"}],"wp:featuredmedia":[{"embeddable":true,"href":"https:\/\/homologacaosites.rj.sebrae.com.br\/crab\/wp-json\/wp\/v2\/media\/11087"}],"wp:attachment":[{"href":"https:\/\/homologacaosites.rj.sebrae.com.br\/crab\/wp-json\/wp\/v2\/media?parent=11081"}],"wp:term":[{"taxonomy":"category","embeddable":true,"href":"https:\/\/homologacaosites.rj.sebrae.com.br\/crab\/wp-json\/wp\/v2\/categories?post=11081"},{"taxonomy":"post_tag","embeddable":true,"href":"https:\/\/homologacaosites.rj.sebrae.com.br\/crab\/wp-json\/wp\/v2\/tags?post=11081"},{"taxonomy":"opcoes-da-programacao","embeddable":true,"href":"https:\/\/homologacaosites.rj.sebrae.com.br\/crab\/wp-json\/wp\/v2\/opcoes-da-programacao?post=11081"}],"curies":[{"name":"wp","href":"https:\/\/api.w.org\/{rel}","templated":true}]}}