{"id":12554,"date":"2024-08-05T14:15:39","date_gmt":"2024-08-05T17:15:39","guid":{"rendered":"https:\/\/homologacaosites.rj.sebrae.com.br\/crab\/?p=12554"},"modified":"2024-08-29T11:32:51","modified_gmt":"2024-08-29T14:32:51","slug":"crab-educativo-finalista-premio-arte-na-escola","status":"publish","type":"post","link":"https:\/\/homologacaosites.rj.sebrae.com.br\/crab\/crab-educativo-finalista-premio-arte-na-escola\/","title":{"rendered":"O CRAB Educativo \u00e9 finalista do 25\u00ba Pr\u00eamio Arte na Escola"},"content":{"rendered":"<div>\n<p>H\u00e1 25 anos, o Pr\u00eamio Arte na Escola Cidad\u00e3 mapeia, reconhece e valoriza projetos em arte desenvolvidos em todo o pa\u00eds.<\/p>\n<p>Entendendo a import\u00e2ncia do ensino de arte e cultura e como elas podem ser transformadoras, o pr\u00eamio traz visibilidade a projetos que guardam em si a capacidade de transformar estudantes, cidad\u00e3os e comunidades.<\/p>\n<p>O projeto &#8220;\u00c9 brincando que se pertence&#8221; apresentado pelo <a href=\"https:\/\/homologacaosites.rj.sebrae.com.br\/crab\/\">CRAB Educativo<\/a> \u00e9 um dos finalistas do pr\u00eamio na categoria educa\u00e7\u00e3o n\u00e3o formal.<\/p>\n<\/div>\n<div>\n<figure id=\"attachment_12572\" aria-describedby=\"caption-attachment-12572\" style=\"width: 266px\" class=\"wp-caption alignnone\"><img fetchpriority=\"high\" decoding=\"async\" class=\"wp-image-12572\" src=\"https:\/\/homologacaosites.rj.sebrae.com.br\/crab\/wp-content\/uploads\/2024\/08\/CRAB-Educativo-03-225x300.jpeg\" alt=\"\" width=\"266\" height=\"355\" srcset=\"https:\/\/homologacaosites.rj.sebrae.com.br\/crab\/wp-content\/uploads\/2024\/08\/CRAB-Educativo-03-225x300.jpeg 225w, https:\/\/homologacaosites.rj.sebrae.com.br\/crab\/wp-content\/uploads\/2024\/08\/CRAB-Educativo-03-768x1024.jpeg 768w, https:\/\/homologacaosites.rj.sebrae.com.br\/crab\/wp-content\/uploads\/2024\/08\/CRAB-Educativo-03-190x253.jpeg 190w, https:\/\/homologacaosites.rj.sebrae.com.br\/crab\/wp-content\/uploads\/2024\/08\/CRAB-Educativo-03.jpeg 960w\" sizes=\"(max-width: 266px) 100vw, 266px\" \/><figcaption id=\"caption-attachment-12572\" class=\"wp-caption-text\">A\u00e7\u00e3o educativa e sensibiliza\u00e7\u00e3o do p\u00fablico.<\/figcaption><\/figure>\n<\/div>\n<div><\/div>\n<div>Nele, mostramos como o artesanato pode ser uma potente ferramenta de aux\u00edlio na sala de aula, estendendo o conceito de cultura para al\u00e9m dos livros did\u00e1ticos e despertando nas novas gera\u00e7\u00f5es o sentimento de pertencimento e conex\u00e3o com a nossa brasilidade.<\/div>\n<div><\/div>\n<div><\/div>\n<div>\n<blockquote class=\"instagram-media\" style=\"background: #FFF; border: 0; border-radius: 3px; box-shadow: 0 0 1px 0 rgba(0,0,0,0.5),0 1px 10px 0 rgba(0,0,0,0.15); margin: 1px; max-width: 540px; min-width: 326px; padding: 0; width: calc(100% - 2px);\" data-instgrm-captioned=\"\" data-instgrm-permalink=\"https:\/\/www.instagram.com\/reel\/C-WI7WXpE8O\/?utm_source=ig_embed&amp;utm_campaign=loading\" data-instgrm-version=\"14\">\n<div style=\"padding: 16px;\">\n<p>&nbsp;<\/p>\n<div style=\"display: flex; flex-direction: row; align-items: center;\">\n<div style=\"background-color: #f4f4f4; border-radius: 50%; flex-grow: 0; height: 40px; margin-right: 14px; width: 40px;\"><\/div>\n<div style=\"display: flex; flex-direction: column; flex-grow: 1; justify-content: center;\">\n<div style=\"background-color: #f4f4f4; border-radius: 4px; flex-grow: 0; height: 14px; margin-bottom: 6px; width: 100px;\"><\/div>\n<div style=\"background-color: #f4f4f4; border-radius: 4px; flex-grow: 0; height: 14px; width: 60px;\"><\/div>\n<\/div>\n<\/div>\n<div style=\"padding: 19% 0;\"><\/div>\n<div style=\"display: block; height: 50px; margin: 0 auto 12px; width: 50px;\"><\/div>\n<div style=\"padding-top: 8px;\">\n<div style=\"color: #3897f0; font-family: Arial,sans-serif; font-size: 14px; font-style: normal; font-weight: 550; line-height: 18px;\">Ver esta publica\u00e7\u00e3o no Instagram<\/div>\n<\/div>\n<div style=\"padding: 12.5% 0;\"><\/div>\n<div style=\"display: flex; flex-direction: row; margin-bottom: 14px; align-items: center;\">\n<div>\n<div style=\"background-color: #f4f4f4; border-radius: 50%; height: 12.5px; width: 12.5px; transform: translateX(0px) translateY(7px);\"><\/div>\n<div style=\"background-color: #f4f4f4; height: 12.5px; transform: rotate(-45deg) translateX(3px) translateY(1px); width: 12.5px; flex-grow: 0; margin-right: 14px; margin-left: 2px;\"><\/div>\n<div style=\"background-color: #f4f4f4; border-radius: 50%; height: 12.5px; width: 12.5px; transform: translateX(9px) translateY(-18px);\"><\/div>\n<\/div>\n<div style=\"margin-left: 8px;\">\n<div style=\"background-color: #f4f4f4; border-radius: 50%; flex-grow: 0; height: 20px; width: 20px;\"><\/div>\n<div style=\"width: 0; height: 0; border-top: 2px solid transparent; border-left: 6px solid #f4f4f4; border-bottom: 2px solid transparent; transform: translateX(16px) translateY(-4px) rotate(30deg);\"><\/div>\n<\/div>\n<div style=\"margin-left: auto;\">\n<div style=\"width: 0px; border-top: 8px solid #F4F4F4; border-right: 8px solid transparent; transform: translateY(16px);\"><\/div>\n<div style=\"background-color: #f4f4f4; flex-grow: 0; height: 12px; width: 16px; transform: translateY(-4px);\"><\/div>\n<div style=\"width: 0; height: 0; border-top: 8px solid #F4F4F4; border-left: 8px solid transparent; transform: translateY(-4px) translateX(8px);\"><\/div>\n<\/div>\n<\/div>\n<div style=\"display: flex; flex-direction: column; flex-grow: 1; justify-content: center; margin-bottom: 24px;\">\n<div style=\"background-color: #f4f4f4; border-radius: 4px; flex-grow: 0; height: 14px; margin-bottom: 6px; width: 224px;\"><\/div>\n<div style=\"background-color: #f4f4f4; border-radius: 4px; flex-grow: 0; height: 14px; width: 144px;\"><\/div>\n<\/div>\n<p>&nbsp;<\/p>\n<p style=\"color: #c9c8cd; font-family: Arial,sans-serif; font-size: 14px; line-height: 17px; margin-bottom: 0; margin-top: 8px; overflow: hidden; padding: 8px 0 7px; text-align: center; text-overflow: ellipsis; white-space: nowrap;\"><a style=\"color: #c9c8cd; font-family: Arial,sans-serif; font-size: 14px; font-style: normal; font-weight: normal; line-height: 17px; text-decoration: none;\" href=\"https:\/\/www.instagram.com\/reel\/C-WI7WXpE8O\/?utm_source=ig_embed&amp;utm_campaign=loading\" target=\"_blank\" rel=\"noopener\">Uma publica\u00e7\u00e3o partilhada por CRAB Sebrae (@crabsebrae)<\/a><\/p>\n<\/div>\n<\/blockquote>\n<p><script async src=\"\/\/www.instagram.com\/embed.js\"><\/script><\/p>\n<\/div>\n<div><\/div>\n<div><\/div>\n<div>Assista \u00e0 live de premia\u00e7\u00e3o no canal <a href=\"https:\/\/www.youtube.com\/watch?v=IsXef9DNdK0\" target=\"_blank\" rel=\"noopener\"><strong>Instituto Arte na Escola<\/strong><\/a> no dia 08.08, a partir das 19:00h, e vamos torcer pelo CRAB Educativo.<\/div>\n<div><\/div>\n<div>Texto de Bruna Pelegrino.<\/div>\n","protected":false},"excerpt":{"rendered":"<p>H\u00e1 25 anos, o Pr\u00eamio Arte na Escola Cidad\u00e3 mapeia, reconhece e valoriza projetos em Arte desenvolvidos em todo o pa\u00eds.<\/p>\n","protected":false},"author":313,"featured_media":12559,"comment_status":"closed","ping_status":"closed","sticky":false,"template":"","format":"aside","meta":{"footnotes":""},"categories":[274,275],"tags":[],"opcoes-da-programacao":[82],"class_list":["post-12554","post","type-post","status-publish","format-aside","has-post-thumbnail","hentry","category-noticia","category-educativo","post_format-post-format-aside","opcoes-da-programacao-destaque"],"_links":{"self":[{"href":"https:\/\/homologacaosites.rj.sebrae.com.br\/crab\/wp-json\/wp\/v2\/posts\/12554","targetHints":{"allow":["GET"]}}],"collection":[{"href":"https:\/\/homologacaosites.rj.sebrae.com.br\/crab\/wp-json\/wp\/v2\/posts"}],"about":[{"href":"https:\/\/homologacaosites.rj.sebrae.com.br\/crab\/wp-json\/wp\/v2\/types\/post"}],"author":[{"embeddable":true,"href":"https:\/\/homologacaosites.rj.sebrae.com.br\/crab\/wp-json\/wp\/v2\/users\/313"}],"replies":[{"embeddable":true,"href":"https:\/\/homologacaosites.rj.sebrae.com.br\/crab\/wp-json\/wp\/v2\/comments?post=12554"}],"version-history":[{"count":0,"href":"https:\/\/homologacaosites.rj.sebrae.com.br\/crab\/wp-json\/wp\/v2\/posts\/12554\/revisions"}],"wp:featuredmedia":[{"embeddable":true,"href":"https:\/\/homologacaosites.rj.sebrae.com.br\/crab\/wp-json\/wp\/v2\/media\/12559"}],"wp:attachment":[{"href":"https:\/\/homologacaosites.rj.sebrae.com.br\/crab\/wp-json\/wp\/v2\/media?parent=12554"}],"wp:term":[{"taxonomy":"category","embeddable":true,"href":"https:\/\/homologacaosites.rj.sebrae.com.br\/crab\/wp-json\/wp\/v2\/categories?post=12554"},{"taxonomy":"post_tag","embeddable":true,"href":"https:\/\/homologacaosites.rj.sebrae.com.br\/crab\/wp-json\/wp\/v2\/tags?post=12554"},{"taxonomy":"opcoes-da-programacao","embeddable":true,"href":"https:\/\/homologacaosites.rj.sebrae.com.br\/crab\/wp-json\/wp\/v2\/opcoes-da-programacao?post=12554"}],"curies":[{"name":"wp","href":"https:\/\/api.w.org\/{rel}","templated":true}]}}