{"id":12612,"date":"2024-08-14T10:31:50","date_gmt":"2024-08-14T13:31:50","guid":{"rendered":"https:\/\/homologacaosites.rj.sebrae.com.br\/crab\/?p=12612"},"modified":"2024-08-14T16:56:55","modified_gmt":"2024-08-14T19:56:55","slug":"crab-celebra-festejos-de-sao-joao-do-brasil-com-primeira-tirandetes-julina","status":"publish","type":"post","link":"https:\/\/homologacaosites.rj.sebrae.com.br\/crab\/crab-celebra-festejos-de-sao-joao-do-brasil-com-primeira-tirandetes-julina\/","title":{"rendered":"CRAB celebra festejos de S\u00e3o Jo\u00e3o do Brasil com Primeira Tiradentes Julina"},"content":{"rendered":"<h2><b><span data-contrast=\"auto\">Venha conhecer as atra\u00e7\u00f5es que passaram pelo CRAB e que representam a diversidade dos festejos de S\u00e3o Jo\u00e3o no Brasil <\/span><\/b><span data-contrast=\"auto\">\u202f<\/span><span data-ccp-props=\"{&quot;201341983&quot;:0,&quot;335559739&quot;:160,&quot;335559740&quot;:259}\">\u00a0<\/span><\/h2>\n<p><span data-contrast=\"auto\">Nos dias 27 e 26 de julho foi realizada, na Pra\u00e7a Tiradentes, <a href=\"https:\/\/homologacaosites.rj.sebrae.com.br\/crab\/programacao\/tiradentes-julina\/\">a primeira festa julina do CRAB, a Tiradentes Julina<\/a>. Contamos com diversas atra\u00e7\u00f5es e artes\u00e3os vindos da Para\u00edba, Maranh\u00e3o e Rio de Janeiro, para compor uma festa diversa e bem brasileira. As apresenta\u00e7\u00f5es foram um sucesso entre os presentes, mas nem todos conheciam as pr\u00e1ticas t\u00e3o tradicionais do nosso pa\u00eds. Vamos ent\u00e3o apresentar um pouco de cada uma, para que voc\u00ea conhe\u00e7a mais sobre nossas tradi\u00e7\u00f5es.\u202f\u202f<\/span><\/p>\n<h2><b><span data-contrast=\"auto\">Maranh\u00e3o e seu encanto artesanal com o divino<\/span><\/b><span data-contrast=\"auto\">\u202f<\/span><span data-ccp-props=\"{&quot;201341983&quot;:0,&quot;335559739&quot;:160,&quot;335559740&quot;:259}\">\u00a0<\/span><\/h2>\n<p><span data-contrast=\"auto\">Come\u00e7ando pelo Maranh\u00e3o, um estado muito rico de cultura e artesanato. O Bumba-meu-boi \u00e9 a tradi\u00e7\u00e3o mais conhecida, que movimenta, no m\u00eas de junho, mais de 400 grupos por todo o estado. Os grupos se organizam por cinco tipos de sotaques: Zabumba ou Guimar\u00e3es, Baixada, Matraca ou Ilha, Costa de M\u00e3o ou Cururupu e Orquestra, que s\u00e3o classificados por ritmos dos toques, instrumentos, personagem e indument\u00e1rias. Recebemos no CRAB o grupo de Morros, apresentando o sotaque de orquestra. Foi uma apresenta\u00e7\u00e3o animada, onde o p\u00fablico p\u00f4de ver de perto os bel\u00edssimos trajes feitos \u00e0 m\u00e3o, como coletes, cal\u00e7as e chap\u00e9us e o boi. O seu couro, que \u00e9 a \u201cpele\u201d que reveste a estrutura do corpo do animal, pode chegar a custar 15 mil reais e demora quase um ano para ser feito por artes\u00e3os qualificados.\u202f<\/span><span data-ccp-props=\"{&quot;201341983&quot;:0,&quot;335559739&quot;:160,&quot;335559740&quot;:259}\">\u00a0<\/span><\/p>\n<figure id=\"attachment_12613\" aria-describedby=\"caption-attachment-12613\" style=\"width: 300px\" class=\"wp-caption alignnone\"><img fetchpriority=\"high\" decoding=\"async\" class=\"wp-image-12613 size-medium\" src=\"https:\/\/homologacaosites.rj.sebrae.com.br\/crab\/wp-content\/uploads\/2024\/08\/Boi-de-morros1-300x200.jpg\" alt=\"\" width=\"300\" height=\"200\" srcset=\"https:\/\/homologacaosites.rj.sebrae.com.br\/crab\/wp-content\/uploads\/2024\/08\/Boi-de-morros1-300x200.jpg 300w, https:\/\/homologacaosites.rj.sebrae.com.br\/crab\/wp-content\/uploads\/2024\/08\/Boi-de-morros1-1024x683.jpg 1024w, https:\/\/homologacaosites.rj.sebrae.com.br\/crab\/wp-content\/uploads\/2024\/08\/Boi-de-morros1-768x513.jpg 768w, https:\/\/homologacaosites.rj.sebrae.com.br\/crab\/wp-content\/uploads\/2024\/08\/Boi-de-morros1-190x127.jpg 190w, https:\/\/homologacaosites.rj.sebrae.com.br\/crab\/wp-content\/uploads\/2024\/08\/Boi-de-morros1.jpg 1500w\" sizes=\"(max-width: 300px) 100vw, 300px\" \/><figcaption id=\"caption-attachment-12613\" class=\"wp-caption-text\">Grupo de Morros. (Foto: CRAB, 2024)<\/figcaption><\/figure>\n<p><span data-contrast=\"auto\">Tamb\u00e9m pelo Maranh\u00e3o se apresentou o grupo Laborarte, mostrando um pouco do tambor de crioula e do cacuri\u00e1, duas manifesta\u00e7\u00f5es t\u00edpicas do estado. O bumba-meu-boi e o tambor t\u00eam uma rela\u00e7\u00e3o simbi\u00f3tica, um n\u00e3o vive sem o outro, \u00e9 fundamental no encerramento das apresenta\u00e7\u00f5es do boi o toque do tambor de crioula. De matriz afro-brasileira, o tambor de crioula \u00e9 caracterizado por dan\u00e7as circulares, cantos e sons de tambores. Estes s\u00e3o feitos artesanalmente a partir de peles de carneiros e um \u00fanico tronco cavado por mestres artes\u00e3os. Para afinar o tambor \u00e9 necess\u00e1rio aquecer o couro em fogueira, ou serpentina el\u00e9trica, adapta\u00e7\u00e3o criada pelo grupo para poderem viajar e se apresentar em outras regi\u00f5es. Os m\u00fasicos ent\u00e3o v\u00e3o tocando o tambor durante o aquecimento para identificar quando o toque est\u00e1 no tom certo, uma experi\u00eancia que s\u00f3 quem tem anos de pr\u00e1tica consegue realizar.\u202f<\/span><span data-ccp-props=\"{&quot;201341983&quot;:0,&quot;335559739&quot;:160,&quot;335559740&quot;:259}\">\u00a0<\/span><\/p>\n<figure id=\"attachment_12615\" aria-describedby=\"caption-attachment-12615\" style=\"width: 300px\" class=\"wp-caption alignnone\"><img decoding=\"async\" class=\"size-medium wp-image-12615\" src=\"https:\/\/homologacaosites.rj.sebrae.com.br\/crab\/wp-content\/uploads\/2024\/08\/tambor-de-crioula1-300x148.jpg\" alt=\"\" width=\"300\" height=\"148\" srcset=\"https:\/\/homologacaosites.rj.sebrae.com.br\/crab\/wp-content\/uploads\/2024\/08\/tambor-de-crioula1-300x148.jpg 300w, https:\/\/homologacaosites.rj.sebrae.com.br\/crab\/wp-content\/uploads\/2024\/08\/tambor-de-crioula1-1024x504.jpg 1024w, https:\/\/homologacaosites.rj.sebrae.com.br\/crab\/wp-content\/uploads\/2024\/08\/tambor-de-crioula1-768x378.jpg 768w, https:\/\/homologacaosites.rj.sebrae.com.br\/crab\/wp-content\/uploads\/2024\/08\/tambor-de-crioula1-190x94.jpg 190w, https:\/\/homologacaosites.rj.sebrae.com.br\/crab\/wp-content\/uploads\/2024\/08\/tambor-de-crioula1.jpg 1500w\" sizes=\"(max-width: 300px) 100vw, 300px\" \/><figcaption id=\"caption-attachment-12615\" class=\"wp-caption-text\">Grupo Laborarte. (Foto: CRAB, 2024)<\/figcaption><\/figure>\n<p><span data-contrast=\"auto\">A terceira manifesta\u00e7\u00e3o maranhense a se apresentar na festa julina do CRAB foi a dan\u00e7a do Cacuri\u00e1, tamb\u00e9m trazido pelo grupo Laborarte. Em 1980, Dona Tet\u00e9 se juntou ao grupo e, apesar de n\u00e3o ter sido inven\u00e7\u00e3o sua, foi a partir de sua figura que o cacuri\u00e1 se estabeleceu como importante manifesta\u00e7\u00e3o. O cacuri\u00e1 combina precurs\u00e3o, com dan\u00e7a sensual baseada no carimb\u00f3 e teatraliza\u00e7\u00e3o. Por causa do grande sucesso de Dona Tet\u00e9, hoje \u00e9 parte da agenda das festas juninas do Maranh\u00e3o. \u202f<\/span><span data-ccp-props=\"{&quot;201341983&quot;:0,&quot;335559739&quot;:160,&quot;335559740&quot;:259}\">\u00a0<\/span><\/p>\n<figure id=\"attachment_12621\" aria-describedby=\"caption-attachment-12621\" style=\"width: 300px\" class=\"wp-caption alignnone\"><img decoding=\"async\" class=\"size-medium wp-image-12621\" src=\"https:\/\/homologacaosites.rj.sebrae.com.br\/crab\/wp-content\/uploads\/2024\/08\/Danca-do-cacuria-300x200.jpg\" alt=\"\" width=\"300\" height=\"200\" srcset=\"https:\/\/homologacaosites.rj.sebrae.com.br\/crab\/wp-content\/uploads\/2024\/08\/Danca-do-cacuria-300x200.jpg 300w, https:\/\/homologacaosites.rj.sebrae.com.br\/crab\/wp-content\/uploads\/2024\/08\/Danca-do-cacuria-1024x684.jpg 1024w, https:\/\/homologacaosites.rj.sebrae.com.br\/crab\/wp-content\/uploads\/2024\/08\/Danca-do-cacuria-768x513.jpg 768w, https:\/\/homologacaosites.rj.sebrae.com.br\/crab\/wp-content\/uploads\/2024\/08\/Danca-do-cacuria-1536x1025.jpg 1536w, https:\/\/homologacaosites.rj.sebrae.com.br\/crab\/wp-content\/uploads\/2024\/08\/Danca-do-cacuria-2048x1367.jpg 2048w, https:\/\/homologacaosites.rj.sebrae.com.br\/crab\/wp-content\/uploads\/2024\/08\/Danca-do-cacuria-190x127.jpg 190w\" sizes=\"(max-width: 300px) 100vw, 300px\" \/><figcaption id=\"caption-attachment-12621\" class=\"wp-caption-text\">Dan\u00e7a do cacuri\u00e1. (Foto: CRAB, 2024)<\/figcaption><\/figure>\n<h2><b><span data-contrast=\"auto\">Para\u00edba e os sons regionais do S\u00e3o Jo\u00e3o<\/span><\/b><span data-ccp-props=\"{&quot;201341983&quot;:0,&quot;335559739&quot;:160,&quot;335559740&quot;:259}\">\u00a0<\/span><\/h2>\n<p><span data-contrast=\"auto\">Seguindo para Para\u00edba, tivemos a oportunidade de ver a Orquestra Sanf\u00f4nica Balaio Nordeste e Grupo Eita com coco e o xaxado. Com mais de 10 acordeons, o Orquestra se apresentou mostrando ritmos de sucesso nordestino. Criada em 2011 pelo mestre Bastos, ela tem o objetivo de inovar no cen\u00e1rio musical e formar jovens na cultura nordestina. \u202f<\/span><span data-ccp-props=\"{&quot;201341983&quot;:0,&quot;335559739&quot;:160,&quot;335559740&quot;:259}\">\u00a0<\/span><\/p>\n<figure id=\"attachment_12623\" aria-describedby=\"caption-attachment-12623\" style=\"width: 300px\" class=\"wp-caption alignnone\"><img loading=\"lazy\" decoding=\"async\" class=\"size-medium wp-image-12623\" src=\"https:\/\/homologacaosites.rj.sebrae.com.br\/crab\/wp-content\/uploads\/2024\/08\/orquestra-sanfonica-300x200.jpg\" alt=\"\" width=\"300\" height=\"200\" srcset=\"https:\/\/homologacaosites.rj.sebrae.com.br\/crab\/wp-content\/uploads\/2024\/08\/orquestra-sanfonica-300x200.jpg 300w, https:\/\/homologacaosites.rj.sebrae.com.br\/crab\/wp-content\/uploads\/2024\/08\/orquestra-sanfonica-1024x683.jpg 1024w, https:\/\/homologacaosites.rj.sebrae.com.br\/crab\/wp-content\/uploads\/2024\/08\/orquestra-sanfonica-768x512.jpg 768w, https:\/\/homologacaosites.rj.sebrae.com.br\/crab\/wp-content\/uploads\/2024\/08\/orquestra-sanfonica-1536x1025.jpg 1536w, https:\/\/homologacaosites.rj.sebrae.com.br\/crab\/wp-content\/uploads\/2024\/08\/orquestra-sanfonica-2048x1366.jpg 2048w, https:\/\/homologacaosites.rj.sebrae.com.br\/crab\/wp-content\/uploads\/2024\/08\/orquestra-sanfonica-190x127.jpg 190w\" sizes=\"(max-width: 300px) 100vw, 300px\" \/><figcaption id=\"caption-attachment-12623\" class=\"wp-caption-text\">Orquestra Sanf\u00f4nica. (Foto: CRAB, 2024)<\/figcaption><\/figure>\n<p><span data-contrast=\"auto\">J\u00e1 o Grupo Eita apresentou a regionalidade paraibana com m\u00fasica e muita dan\u00e7a. O xaxado foi uma dan\u00e7a que se espalhou pelo agreste do Nordeste no in\u00edcio do s\u00e9culo passado, divulgado pelos cangaceiros, principalmente do grupo de Lampi\u00e3o. Por ser uma dan\u00e7a masculina, os cabras cangaceiros dan\u00e7avam com suas armas de fuzil batendo no ch\u00e3o. Atualmente mulheres tamb\u00e9m dan\u00e7am e apresentam passos ritmados em roda ou fila, arrastando as sand\u00e1lias de couro no ch\u00e3o, fazendo o som de xa-xa-x\u00e1.\u202f<\/span><span data-ccp-props=\"{&quot;201341983&quot;:0,&quot;335559739&quot;:160,&quot;335559740&quot;:259}\">\u00a0<\/span><\/p>\n<figure id=\"attachment_12614\" aria-describedby=\"caption-attachment-12614\" style=\"width: 300px\" class=\"wp-caption alignnone\"><img loading=\"lazy\" decoding=\"async\" class=\"size-medium wp-image-12614\" src=\"https:\/\/homologacaosites.rj.sebrae.com.br\/crab\/wp-content\/uploads\/2024\/08\/xaxado-300x278.jpg\" alt=\"\" width=\"300\" height=\"278\" srcset=\"https:\/\/homologacaosites.rj.sebrae.com.br\/crab\/wp-content\/uploads\/2024\/08\/xaxado-300x278.jpg 300w, https:\/\/homologacaosites.rj.sebrae.com.br\/crab\/wp-content\/uploads\/2024\/08\/xaxado-1024x948.jpg 1024w, https:\/\/homologacaosites.rj.sebrae.com.br\/crab\/wp-content\/uploads\/2024\/08\/xaxado-768x711.jpg 768w, https:\/\/homologacaosites.rj.sebrae.com.br\/crab\/wp-content\/uploads\/2024\/08\/xaxado-190x176.jpg 190w, https:\/\/homologacaosites.rj.sebrae.com.br\/crab\/wp-content\/uploads\/2024\/08\/xaxado.jpg 1442w\" sizes=\"(max-width: 300px) 100vw, 300px\" \/><figcaption id=\"caption-attachment-12614\" class=\"wp-caption-text\">Xaxado. (Foto: CRAB, 2024)<\/figcaption><\/figure>\n<h2><b><span data-contrast=\"auto\">O Rio de Janeiro apresenta o colorido das quadrilhas juninas<\/span><\/b><span data-contrast=\"auto\">\u202f<\/span><span data-ccp-props=\"{&quot;201341983&quot;:0,&quot;335559739&quot;:160,&quot;335559740&quot;:259}\">\u00a0<\/span><\/h2>\n<p><span data-contrast=\"auto\">Por fim, tivemos duas quadrilhas tradicionais do Rio de Janeiro, Quadrilha Sampaio e a Quadrilha Ro\u00e7al\u00e3o. O primeiro grupo \u00e9 o mais tradicional em atividade no Brasil e ganhou todos os concursos que concorreu no Rio de Janeiro desde 1970. No CRAB, apresentaram um pot-pourri de dan\u00e7as contando um pouco da sua hist\u00f3ria atrav\u00e9s de movimentos coordenados e entusiasmados.\u00a0<\/span><span data-ccp-props=\"{&quot;201341983&quot;:0,&quot;335559739&quot;:160,&quot;335559740&quot;:259}\">\u00a0<\/span><\/p>\n<figure id=\"attachment_12626\" aria-describedby=\"caption-attachment-12626\" style=\"width: 300px\" class=\"wp-caption alignnone\"><img loading=\"lazy\" decoding=\"async\" class=\"size-medium wp-image-12626\" src=\"https:\/\/homologacaosites.rj.sebrae.com.br\/crab\/wp-content\/uploads\/2024\/08\/quadrilha-sampaio-300x252.jpg\" alt=\"\" width=\"300\" height=\"252\" srcset=\"https:\/\/homologacaosites.rj.sebrae.com.br\/crab\/wp-content\/uploads\/2024\/08\/quadrilha-sampaio-300x252.jpg 300w, https:\/\/homologacaosites.rj.sebrae.com.br\/crab\/wp-content\/uploads\/2024\/08\/quadrilha-sampaio-1024x862.jpg 1024w, https:\/\/homologacaosites.rj.sebrae.com.br\/crab\/wp-content\/uploads\/2024\/08\/quadrilha-sampaio-768x646.jpg 768w, https:\/\/homologacaosites.rj.sebrae.com.br\/crab\/wp-content\/uploads\/2024\/08\/quadrilha-sampaio-190x160.jpg 190w, https:\/\/homologacaosites.rj.sebrae.com.br\/crab\/wp-content\/uploads\/2024\/08\/quadrilha-sampaio.jpg 1490w\" sizes=\"(max-width: 300px) 100vw, 300px\" \/><figcaption id=\"caption-attachment-12626\" class=\"wp-caption-text\">quadrilha sampaio. (Foto: CRAB, 2024)<span style=\"font-size: 16px;\">\u00a0<\/span><\/figcaption><\/figure>\n<p><span data-contrast=\"auto\">J\u00e1 o Ro\u00e7al\u00e3o trouxe seu time infanto-juvenil, mostrando que as novas gera\u00e7\u00f5es est\u00e3o conectadas com as pr\u00e1ticas tradicionais. Crian\u00e7as e adolescentes mostraram toda a sua arte bem apresentada em passos complexos e animados.<\/span><\/p>\n<figure id=\"attachment_12630\" aria-describedby=\"caption-attachment-12630\" style=\"width: 300px\" class=\"wp-caption alignnone\"><img loading=\"lazy\" decoding=\"async\" class=\"size-medium wp-image-12630\" src=\"https:\/\/homologacaosites.rj.sebrae.com.br\/crab\/wp-content\/uploads\/2024\/08\/quadrilha-crab-300x200.jpg\" alt=\"\" width=\"300\" height=\"200\" srcset=\"https:\/\/homologacaosites.rj.sebrae.com.br\/crab\/wp-content\/uploads\/2024\/08\/quadrilha-crab-300x200.jpg 300w, https:\/\/homologacaosites.rj.sebrae.com.br\/crab\/wp-content\/uploads\/2024\/08\/quadrilha-crab-1024x684.jpg 1024w, https:\/\/homologacaosites.rj.sebrae.com.br\/crab\/wp-content\/uploads\/2024\/08\/quadrilha-crab-768x513.jpg 768w, https:\/\/homologacaosites.rj.sebrae.com.br\/crab\/wp-content\/uploads\/2024\/08\/quadrilha-crab-1536x1026.jpg 1536w, https:\/\/homologacaosites.rj.sebrae.com.br\/crab\/wp-content\/uploads\/2024\/08\/quadrilha-crab-2048x1368.jpg 2048w, https:\/\/homologacaosites.rj.sebrae.com.br\/crab\/wp-content\/uploads\/2024\/08\/quadrilha-crab-190x127.jpg 190w\" sizes=\"(max-width: 300px) 100vw, 300px\" \/><figcaption id=\"caption-attachment-12630\" class=\"wp-caption-text\">Quadrilha Ro\u00e7al\u00e3o. (Foto: CRAB, 2024)<\/figcaption><\/figure>\n<p><span data-contrast=\"auto\">O CRAB se orgulha de poder trazer um pouco da cultura junina brasileira e mostrar a riqueza das diversas manifesta\u00e7\u00f5es que d\u00e3o identidade ao nosso pa\u00eds.<\/span><\/p>\n<p>Fontes:<\/p>\n<p><a href=\"http:\/\/portal.iphan.gov.br\/uploads\/ckfinder\/arquivos\/Tambor%20de%20Crioula.pdf\" target=\"_blank\" rel=\"noopener\">http:\/\/portal.iphan.gov.br\/Tambor-de-Crioula<\/a><\/p>\n<p><a href=\"http:\/\/portal.iphan.gov.br\/uploads\/ckfinder\/arquivos\/Relatorio_Bumba_meu_boi_Final.pdf\" target=\"_blank\" rel=\"noopener\">http:\/\/portal.iphan.gov.br\/Bumba-meu-boi-Final<\/a><\/p>\n<p><a href=\"http:\/\/projetos.eeffto.ufmg.br\/sarandeiros\/?p=1139\" target=\"_blank\" rel=\"noopener\">http:\/\/projetos.eeffto.ufmg.br\/sarandeiros<\/a><\/p>\n","protected":false},"excerpt":{"rendered":"<p>Nos dias 27 e 26 de julho foi realizada, na Pra\u00e7a Tiradentes, a primeira festa julina do CRAB, a Tiradentes Julina. Contamos com diversas atra\u00e7\u00f5es e artes\u00e3os vindos da Para\u00edba, Maranh\u00e3o e Rio de Janeiro, para compor uma festa diversa e bem brasileira.<\/p>\n","protected":false},"author":311,"featured_media":12632,"comment_status":"closed","ping_status":"closed","sticky":false,"template":"","format":"aside","meta":{"footnotes":""},"categories":[281],"tags":[],"opcoes-da-programacao":[82],"class_list":["post-12612","post","type-post","status-publish","format-aside","has-post-thumbnail","hentry","category-artigo","post_format-post-format-aside","opcoes-da-programacao-destaque"],"_links":{"self":[{"href":"https:\/\/homologacaosites.rj.sebrae.com.br\/crab\/wp-json\/wp\/v2\/posts\/12612","targetHints":{"allow":["GET"]}}],"collection":[{"href":"https:\/\/homologacaosites.rj.sebrae.com.br\/crab\/wp-json\/wp\/v2\/posts"}],"about":[{"href":"https:\/\/homologacaosites.rj.sebrae.com.br\/crab\/wp-json\/wp\/v2\/types\/post"}],"author":[{"embeddable":true,"href":"https:\/\/homologacaosites.rj.sebrae.com.br\/crab\/wp-json\/wp\/v2\/users\/311"}],"replies":[{"embeddable":true,"href":"https:\/\/homologacaosites.rj.sebrae.com.br\/crab\/wp-json\/wp\/v2\/comments?post=12612"}],"version-history":[{"count":0,"href":"https:\/\/homologacaosites.rj.sebrae.com.br\/crab\/wp-json\/wp\/v2\/posts\/12612\/revisions"}],"wp:featuredmedia":[{"embeddable":true,"href":"https:\/\/homologacaosites.rj.sebrae.com.br\/crab\/wp-json\/wp\/v2\/media\/12632"}],"wp:attachment":[{"href":"https:\/\/homologacaosites.rj.sebrae.com.br\/crab\/wp-json\/wp\/v2\/media?parent=12612"}],"wp:term":[{"taxonomy":"category","embeddable":true,"href":"https:\/\/homologacaosites.rj.sebrae.com.br\/crab\/wp-json\/wp\/v2\/categories?post=12612"},{"taxonomy":"post_tag","embeddable":true,"href":"https:\/\/homologacaosites.rj.sebrae.com.br\/crab\/wp-json\/wp\/v2\/tags?post=12612"},{"taxonomy":"opcoes-da-programacao","embeddable":true,"href":"https:\/\/homologacaosites.rj.sebrae.com.br\/crab\/wp-json\/wp\/v2\/opcoes-da-programacao?post=12612"}],"curies":[{"name":"wp","href":"https:\/\/api.w.org\/{rel}","templated":true}]}}