{"id":12648,"date":"2024-08-26T11:05:09","date_gmt":"2024-08-26T14:05:09","guid":{"rendered":"https:\/\/homologacaosites.rj.sebrae.com.br\/crab\/?p=12648"},"modified":"2024-08-27T13:36:23","modified_gmt":"2024-08-27T16:36:23","slug":"midiateca-indica-dona-izabel-100-anos-da-mestra-do-vale-do-jequitinhonha","status":"publish","type":"post","link":"https:\/\/homologacaosites.rj.sebrae.com.br\/crab\/midiateca-indica-dona-izabel-100-anos-da-mestra-do-vale-do-jequitinhonha\/","title":{"rendered":"Midiateca Indica: Dona Izabel, 100 anos da mestra do Vale do Jequitinhonha"},"content":{"rendered":"<h2>Eu me ensinei \/ Edna Matosinho de Pontes \/2017 \/ Editora Pontes<\/h2>\n<figure id=\"attachment_12660\" aria-describedby=\"caption-attachment-12660\" style=\"width: 394px\" class=\"wp-caption alignnone\"><img fetchpriority=\"high\" decoding=\"async\" class=\"wp-image-12660\" src=\"https:\/\/homologacaosites.rj.sebrae.com.br\/crab\/wp-content\/uploads\/2024\/08\/Eu-me-ensinei-Edna-Matosinho-de-Pontes-2017-Editora-Pontes-225x300.jpeg\" alt=\"\" width=\"394\" height=\"526\" srcset=\"https:\/\/homologacaosites.rj.sebrae.com.br\/crab\/wp-content\/uploads\/2024\/08\/Eu-me-ensinei-Edna-Matosinho-de-Pontes-2017-Editora-Pontes-225x300.jpeg 225w, https:\/\/homologacaosites.rj.sebrae.com.br\/crab\/wp-content\/uploads\/2024\/08\/Eu-me-ensinei-Edna-Matosinho-de-Pontes-2017-Editora-Pontes-768x1024.jpeg 768w, https:\/\/homologacaosites.rj.sebrae.com.br\/crab\/wp-content\/uploads\/2024\/08\/Eu-me-ensinei-Edna-Matosinho-de-Pontes-2017-Editora-Pontes-1152x1536.jpeg 1152w, https:\/\/homologacaosites.rj.sebrae.com.br\/crab\/wp-content\/uploads\/2024\/08\/Eu-me-ensinei-Edna-Matosinho-de-Pontes-2017-Editora-Pontes-190x253.jpeg 190w, https:\/\/homologacaosites.rj.sebrae.com.br\/crab\/wp-content\/uploads\/2024\/08\/Eu-me-ensinei-Edna-Matosinho-de-Pontes-2017-Editora-Pontes.jpeg 1200w\" sizes=\"(max-width: 394px) 100vw, 394px\" \/><figcaption id=\"caption-attachment-12660\" class=\"wp-caption-text\">Livro: Eu me ensinei \/ Edna Matosinho de Pontes \/ 2017 \/ Editora Pontes (Foto: Acervo <a href=\"https:\/\/homologacaosites.rj.sebrae.com.br\/crab\/\">CRAB<\/a>).<\/figcaption><\/figure>\n<p>Neste livro, Edna Matosinho de Pontes percorre 12 estados brasileiros, capturando a criatividade e a ess\u00eancia de dezenas de artistas populares, muitos deles moradores de pequenas cidades do interior do Nordeste. S\u00e3o registradas obras \u00fanicas, inspiradas no cotidiano e nas viv\u00eancias de seus criadores, revelando vis\u00f5es de um Brasil que muitas vezes passa despercebido na m\u00eddia tradicional.<\/p>\n<p>Em vez de se apropriar da obra dos artes\u00e3os, Edna buscou destacar a autonomia e a express\u00e3o original de cada artista. Com o objetivo de dar voz \u00e0s suas narrativas e difundir seus processos criativos, a obra re\u00fane nomes como Manuel Eud\u00f3cio e Francisco Graciano. Esses artistas, com materiais, t\u00e9cnicas e estilos distintos, s\u00e3o reconhecidos por sua inova\u00e7\u00e3o est\u00e9tica e pela habilidade de transformar o imagin\u00e1rio popular em arte, atravessando gera\u00e7\u00f5es com suas cria\u00e7\u00f5es.<\/p>\n<h2>Resgate Cultural dos Vales dos Rios Jequitinhonha e S\u00e3o Francisco \/SEBRAE\/MG \/ 2006 \/ SEBRAE<\/h2>\n<figure id=\"attachment_12662\" aria-describedby=\"caption-attachment-12662\" style=\"width: 404px\" class=\"wp-caption alignnone\"><img decoding=\"async\" class=\" wp-image-12662\" src=\"https:\/\/homologacaosites.rj.sebrae.com.br\/crab\/wp-content\/uploads\/2024\/08\/Resgate-Cultural-dos-Vales-dos-Rios-Jequitinhonha-e-Sao-Francisco-SEBRAE-MG-2006-SEBRAE-225x300.jpeg\" alt=\"\" width=\"404\" height=\"539\" srcset=\"https:\/\/homologacaosites.rj.sebrae.com.br\/crab\/wp-content\/uploads\/2024\/08\/Resgate-Cultural-dos-Vales-dos-Rios-Jequitinhonha-e-Sao-Francisco-SEBRAE-MG-2006-SEBRAE-225x300.jpeg 225w, https:\/\/homologacaosites.rj.sebrae.com.br\/crab\/wp-content\/uploads\/2024\/08\/Resgate-Cultural-dos-Vales-dos-Rios-Jequitinhonha-e-Sao-Francisco-SEBRAE-MG-2006-SEBRAE-768x1024.jpeg 768w, https:\/\/homologacaosites.rj.sebrae.com.br\/crab\/wp-content\/uploads\/2024\/08\/Resgate-Cultural-dos-Vales-dos-Rios-Jequitinhonha-e-Sao-Francisco-SEBRAE-MG-2006-SEBRAE-1152x1536.jpeg 1152w, https:\/\/homologacaosites.rj.sebrae.com.br\/crab\/wp-content\/uploads\/2024\/08\/Resgate-Cultural-dos-Vales-dos-Rios-Jequitinhonha-e-Sao-Francisco-SEBRAE-MG-2006-SEBRAE-190x253.jpeg 190w, https:\/\/homologacaosites.rj.sebrae.com.br\/crab\/wp-content\/uploads\/2024\/08\/Resgate-Cultural-dos-Vales-dos-Rios-Jequitinhonha-e-Sao-Francisco-SEBRAE-MG-2006-SEBRAE.jpeg 1200w\" sizes=\"(max-width: 404px) 100vw, 404px\" \/><figcaption id=\"caption-attachment-12662\" class=\"wp-caption-text\">Livro: Resgate Cultural dos Vales dos Rios Jequitinhonha e S\u00e3o Francisco \/ <a href=\"https:\/\/sebrae.com.br\/sites\/PortalSebrae\/\" target=\"_blank\" rel=\"noopener\">SEBRAE<\/a> \/<a href=\"https:\/\/www.mg.gov.br\/\" target=\"_blank\" rel=\"noopener\">MG<\/a> \/ 2006 \/ <a href=\"https:\/\/sebrae.com.br\/sites\/PortalSebrae\/\" target=\"_blank\" rel=\"noopener\">SEBRAE<\/a>\/ (Foto: Acervo <a href=\"https:\/\/homologacaosites.rj.sebrae.com.br\/crab\/\">CRAB<\/a>).<\/figcaption><\/figure>\n<p>Este livro aproxima o leitor dos elementos culturais das regi\u00f5es e norte e nordeste de Minas Gerais, especialmente dos territ\u00f3rios \u00e0s margens dos rios S\u00e3o Francisco e Jequitinhonha. A obra oferece uma imers\u00e3o na hist\u00f3ria e nas tradi\u00e7\u00f5es do sert\u00e3o mineiro, abordando express\u00f5es culturais como a cer\u00e2mica, renda, bordado, panelas de barro, festas populares e a tradi\u00e7\u00e3o artesanal na culin\u00e1ria e a produ\u00e7\u00e3o de bebidas.<\/p>\n<p>Homenageando mestres de diversas \u00e1reas, o livro explora a riqueza cultural da regi\u00e3o, desde a renda de bilro e crivo, em Capelinha, at\u00e9 os alambiques de Minas Novas e a Folia de Reis em Berilo. Combinando contexto hist\u00f3rico, trajet\u00f3ria social, informa\u00e7\u00f5es geogr\u00e1ficas e depoimentos, a obra apresenta a diversidade cultural e as belezas dos povos desses vales.<\/p>\n<h2>Caminhos da Arte Popular \u2013 o Vale do Jequitinhonha \/Angela Mascelani \/ 2008 \/ Museu Casa do Pontal<\/h2>\n<figure id=\"attachment_12664\" aria-describedby=\"caption-attachment-12664\" style=\"width: 419px\" class=\"wp-caption alignnone\"><img decoding=\"async\" class=\" wp-image-12664\" src=\"https:\/\/homologacaosites.rj.sebrae.com.br\/crab\/wp-content\/uploads\/2024\/08\/Caminhos-da-Arte-Popular-o-Vale-do-Jequitinhonha-Angela-Mascelani-2008-Museu-Casa-do-Pontal-225x300.jpeg\" alt=\"\" width=\"419\" height=\"558\" srcset=\"https:\/\/homologacaosites.rj.sebrae.com.br\/crab\/wp-content\/uploads\/2024\/08\/Caminhos-da-Arte-Popular-o-Vale-do-Jequitinhonha-Angela-Mascelani-2008-Museu-Casa-do-Pontal-225x300.jpeg 225w, https:\/\/homologacaosites.rj.sebrae.com.br\/crab\/wp-content\/uploads\/2024\/08\/Caminhos-da-Arte-Popular-o-Vale-do-Jequitinhonha-Angela-Mascelani-2008-Museu-Casa-do-Pontal-768x1024.jpeg 768w, https:\/\/homologacaosites.rj.sebrae.com.br\/crab\/wp-content\/uploads\/2024\/08\/Caminhos-da-Arte-Popular-o-Vale-do-Jequitinhonha-Angela-Mascelani-2008-Museu-Casa-do-Pontal-1152x1536.jpeg 1152w, https:\/\/homologacaosites.rj.sebrae.com.br\/crab\/wp-content\/uploads\/2024\/08\/Caminhos-da-Arte-Popular-o-Vale-do-Jequitinhonha-Angela-Mascelani-2008-Museu-Casa-do-Pontal-190x253.jpeg 190w, https:\/\/homologacaosites.rj.sebrae.com.br\/crab\/wp-content\/uploads\/2024\/08\/Caminhos-da-Arte-Popular-o-Vale-do-Jequitinhonha-Angela-Mascelani-2008-Museu-Casa-do-Pontal.jpeg 1200w\" sizes=\"(max-width: 419px) 100vw, 419px\" \/><figcaption id=\"caption-attachment-12664\" class=\"wp-caption-text\">Livro: Caminhos da Arte Popular \u2013 o Vale do Jequitinhonha \/ Angela Mascelani \/ 2008 \/ Museu Casa do Pontal\u00a0 (Foto: Acervo <a href=\"https:\/\/homologacaosites.rj.sebrae.com.br\/crab\/\">CRAB<\/a>).<\/figcaption><\/figure>\n<p>Este t\u00edtulo explora o trabalho manual dos artistas do Vale do Jequitinhonha, compilando pesquisas, entrevistas e biografias realizadas na regi\u00e3o entre Diamantina e o extremo nordeste de Minas Gerais. O livro destaca as cria\u00e7\u00f5es e as hist\u00f3rias dos artes\u00e3os, mostrando as particularidades que fazem do Vale um centro de express\u00e3o art\u00edstica singular.<\/p>\n<p>A obra se aprofunda em temas como a cer\u00e2mica, o imagin\u00e1rio da arte popular, a rela\u00e7\u00e3o entre mestres e disc\u00edpulos, e o papel da manualidade na preserva\u00e7\u00e3o da tradi\u00e7\u00e3o. Trajet\u00f3rias como a de <a href=\"https:\/\/homologacaosites.rj.sebrae.com.br\/crab\/programacao\/dona-izabel-100-anos-da-mestra-do-vale-do-jequitinhonha\/\">Dona Izabel<\/a>, que difundiu sua t\u00e9cnica ao longo das gera\u00e7\u00f5es, s\u00e3o acompanhadas, assim como a de Ana do Ba\u00fa, que come\u00e7ou a modelar barro aos 15 anos, aprendendo com a observa\u00e7\u00e3o de suas vizinhas. O livro celebra a continuidade e a evolu\u00e7\u00e3o do legado art\u00edstico do <a href=\"https:\/\/homologacaosites.rj.sebrae.com.br\/crab\/vale-do-jequitinhonha-e-seus-artesaos\/\">Vale do Jequitinhonha<\/a>.<\/p>\n<p>&nbsp;<\/p>\n<p>Texto elaborado por Lucas Lofrano, com a supervis\u00e3o de Mayara Fonseca.<\/p>\n","protected":false},"excerpt":{"rendered":"<p>No m\u00eas de agosto, a s\u00e9rie Midiateca Indica traz publica\u00e7\u00f5es que exaltam a tradi\u00e7\u00e3o e o territ\u00f3rio do Vale do Jequitinhonha (MG). Nossa principal personagem \u00e9 Dona Izabel, cuja arte e legado continuam vivos. Em comemora\u00e7\u00e3o ao seu centen\u00e1rio de seu nascimento, o CRAB inaugura uma exposi\u00e7\u00e3o maravilhosa em homenagem a essa artes\u00e3 ic\u00f4nica, que faleceu em 2014, aos 90 anos.<\/p>\n","protected":false},"author":313,"featured_media":12646,"comment_status":"closed","ping_status":"closed","sticky":false,"template":"","format":"aside","meta":{"footnotes":""},"categories":[330],"tags":[],"opcoes-da-programacao":[82],"class_list":["post-12648","post","type-post","status-publish","format-aside","has-post-thumbnail","hentry","category-resenha","post_format-post-format-aside","opcoes-da-programacao-destaque"],"_links":{"self":[{"href":"https:\/\/homologacaosites.rj.sebrae.com.br\/crab\/wp-json\/wp\/v2\/posts\/12648","targetHints":{"allow":["GET"]}}],"collection":[{"href":"https:\/\/homologacaosites.rj.sebrae.com.br\/crab\/wp-json\/wp\/v2\/posts"}],"about":[{"href":"https:\/\/homologacaosites.rj.sebrae.com.br\/crab\/wp-json\/wp\/v2\/types\/post"}],"author":[{"embeddable":true,"href":"https:\/\/homologacaosites.rj.sebrae.com.br\/crab\/wp-json\/wp\/v2\/users\/313"}],"replies":[{"embeddable":true,"href":"https:\/\/homologacaosites.rj.sebrae.com.br\/crab\/wp-json\/wp\/v2\/comments?post=12648"}],"version-history":[{"count":0,"href":"https:\/\/homologacaosites.rj.sebrae.com.br\/crab\/wp-json\/wp\/v2\/posts\/12648\/revisions"}],"wp:featuredmedia":[{"embeddable":true,"href":"https:\/\/homologacaosites.rj.sebrae.com.br\/crab\/wp-json\/wp\/v2\/media\/12646"}],"wp:attachment":[{"href":"https:\/\/homologacaosites.rj.sebrae.com.br\/crab\/wp-json\/wp\/v2\/media?parent=12648"}],"wp:term":[{"taxonomy":"category","embeddable":true,"href":"https:\/\/homologacaosites.rj.sebrae.com.br\/crab\/wp-json\/wp\/v2\/categories?post=12648"},{"taxonomy":"post_tag","embeddable":true,"href":"https:\/\/homologacaosites.rj.sebrae.com.br\/crab\/wp-json\/wp\/v2\/tags?post=12648"},{"taxonomy":"opcoes-da-programacao","embeddable":true,"href":"https:\/\/homologacaosites.rj.sebrae.com.br\/crab\/wp-json\/wp\/v2\/opcoes-da-programacao?post=12648"}],"curies":[{"name":"wp","href":"https:\/\/api.w.org\/{rel}","templated":true}]}}