{"id":12691,"date":"2024-08-31T12:46:59","date_gmt":"2024-08-31T15:46:59","guid":{"rendered":"https:\/\/homologacaosites.rj.sebrae.com.br\/crab\/?p=12691"},"modified":"2024-08-31T12:48:23","modified_gmt":"2024-08-31T15:48:23","slug":"mestre-nicola-e-a-arte-religiosa-uma-tradicao-colonial","status":"publish","type":"post","link":"https:\/\/homologacaosites.rj.sebrae.com.br\/crab\/mestre-nicola-e-a-arte-religiosa-uma-tradicao-colonial\/","title":{"rendered":"Mestre Nicola e a Arte Religiosa: Uma Tradi\u00e7\u00e3o Colonial"},"content":{"rendered":"<p>A rela\u00e7\u00e3o entre arte do <a href=\"https:\/\/homologacaosites.rj.sebrae.com.br\/crab\/artesao\/mestre-nicola\/\">Mestre Nicola<\/a> e seu territ\u00f3rio convergem de maneira muito singular. Adv\u00e9m de nossa hist\u00f3ria enquanto pa\u00eds revelando a forte influ\u00eancia da Igreja Cat\u00f3lica na coloniza\u00e7\u00e3o portuguesa no Brasil e seus desdobramentos em nossos aspectos sociais e culturais.<\/p>\n<p>O nordeste brasileiro foi durante os primeiros s\u00e9culos de coloniza\u00e7\u00e3o o principal polo econ\u00f4mico da coroa portuguesa e amparado no ciclo da cana de a\u00e7\u00facar, estimulou o desenvolvimento local, impulsionando a cria\u00e7\u00e3o de uma pequena corte de senhores de engenho e suas fam\u00edlias que vivenciavam no Brasil um espelhamento dos modos e costumes de Portugal.<\/p>\n<p>O recorte do nordeste no per\u00edodo colonial aponta para Pernambuco com uma das regi\u00f5es mais prosperas da coroa se tornando entre os s\u00e9culos XVI e XVII um polo da vida social, pol\u00edtica e econ\u00f4mica da col\u00f4nia em virtude das <strong>grandes planta\u00e7\u00f5es de cana-de-a\u00e7\u00facar do litoral <\/strong>conhecido como Zona da Mata.<\/p>\n<p>A Igreja Cat\u00f3lica por sua vez acompanhou o processo de coloniza\u00e7\u00e3o no Brasil, colaborando constru\u00e7\u00e3o de nossa arte colonial expressa principalmente na constru\u00e7\u00e3o e ornamenta\u00e7\u00e3o de igrejas atrav\u00e9s de <a href=\"https:\/\/www.infoescola.com\/escultura\/\" target=\"_blank\" rel=\"noopener\">escultura<\/a>,\u00a0<a href=\"https:\/\/www.infoescola.com\/desenho\/\" target=\"_blank\" rel=\"noopener\">desenho<\/a>, pintura e\u00a0<a href=\"https:\/\/www.infoescola.com\/arquitetura\/\" target=\"_blank\" rel=\"noopener\">arquitetura<\/a>.<\/p>\n<p>A arte religiosa herdada do per\u00edodo colonial \u00e9 reverenciada hoje com tombamentos pelo IPHAN em diversos estados brasileiros como Pernambuco, que mantem a est\u00e9tica das Igrejas e santos por meio de a\u00e7\u00f5es de pesquisa e preserva\u00e7\u00e3o servindo de apoio para estudos sobre o cotidiano do Brasil colonial.<\/p>\n<figure id=\"attachment_12699\" aria-describedby=\"caption-attachment-12699\" style=\"width: 479px\" class=\"wp-caption alignnone\"><img fetchpriority=\"high\" decoding=\"async\" class=\" wp-image-12699\" src=\"https:\/\/homologacaosites.rj.sebrae.com.br\/crab\/wp-content\/uploads\/2024\/08\/Figura-1Igreja-do-Carmo-de-Olinda.-Imagem-do-Jornal-JC-online.-Fotografo-Bobby-Fabisak-300x200.png\" alt=\"\" width=\"479\" height=\"320\" srcset=\"https:\/\/homologacaosites.rj.sebrae.com.br\/crab\/wp-content\/uploads\/2024\/08\/Figura-1Igreja-do-Carmo-de-Olinda.-Imagem-do-Jornal-JC-online.-Fotografo-Bobby-Fabisak-300x200.png 300w, https:\/\/homologacaosites.rj.sebrae.com.br\/crab\/wp-content\/uploads\/2024\/08\/Figura-1Igreja-do-Carmo-de-Olinda.-Imagem-do-Jornal-JC-online.-Fotografo-Bobby-Fabisak-1024x684.png 1024w, https:\/\/homologacaosites.rj.sebrae.com.br\/crab\/wp-content\/uploads\/2024\/08\/Figura-1Igreja-do-Carmo-de-Olinda.-Imagem-do-Jornal-JC-online.-Fotografo-Bobby-Fabisak-768x513.png 768w, https:\/\/homologacaosites.rj.sebrae.com.br\/crab\/wp-content\/uploads\/2024\/08\/Figura-1Igreja-do-Carmo-de-Olinda.-Imagem-do-Jornal-JC-online.-Fotografo-Bobby-Fabisak-190x127.png 190w, https:\/\/homologacaosites.rj.sebrae.com.br\/crab\/wp-content\/uploads\/2024\/08\/Figura-1Igreja-do-Carmo-de-Olinda.-Imagem-do-Jornal-JC-online.-Fotografo-Bobby-Fabisak.png 1348w\" sizes=\"(max-width: 479px) 100vw, 479px\" \/><figcaption id=\"caption-attachment-12699\" class=\"wp-caption-text\">Figura 1Igreja do Carmo de Olinda. Imagem do Jornal JC online. Fotografo: Bobby Fabisak.<\/figcaption><\/figure>\n<p>A\u00a0<a href=\"https:\/\/jconline.ne10.uol.com.br\/canal\/cidades\/geral\/noticia\/2017\/07\/14\/basilica-do-carmo-tesouro-da-arquitetura-religiosa-barroca-no-recife-295442.php\" target=\"_blank\" rel=\"noopener\">Igreja do Carmo<\/a>\u00a0de Olinda \u00e9 um \u00f3timo exemplo para entendermos a relev\u00e2ncia desta heran\u00e7a colonial no trabalho do Mestre Nicola e em nossa arte religiosa contempor\u00e2nea.<\/p>\n<p>Ela \u00e9 uma constru\u00e7\u00e3o do fim do s\u00e9culo 17, composta por um altar principal e dez altares laterais.<\/p>\n<p>O centro do altar principal abriga uma imagem de Nossa Senhora do Carmo doada por dona Maria I (1734-1816), rainha de Portugal e \u00e9 cercada pelas esculturas dos profetas fundadores da Ordem do Carmo, Santo Elias e seu disc\u00edpulo, Santo Eliseu.<\/p>\n<p>A Igreja do Carmo foi um dos primeiros bens a serem tombados pelo Instituto do Patrim\u00f4nio Hist\u00f3rico e Art\u00edstico Nacional \u2013 IPHAN e encontra-se aberta para a comunidade para festividades e alguns eventos religiosos.<\/p>\n<p>Atrav\u00e9s da arquitetura barroca das Igrejas conseguimos entender a magnitude da Igreja cat\u00f3lica no per\u00edodo colonial e sua influ\u00eancia atualmente refletido principalmente nos rituais, festejos e arte.<\/p>\n<h2><strong>O artesanato e religiosidade<\/strong><\/h2>\n<p>Quando pensamos em heran\u00e7a somos induzidos a idealizar uma rela\u00e7\u00e3o de parentesco, algo que \u00e9 transmitido a partir do indiv\u00edduo em sua cadeia familiar. Essa percep\u00e7\u00e3o n\u00e3o est\u00e1 errada e no caso do artesanato brasileiro pode ser estendida a no\u00e7\u00e3o de imagina\u00e7\u00e3o coletivo vivenciado, como no caso do trabalho do Mestre Nicola.<\/p>\n<figure id=\"attachment_12700\" aria-describedby=\"caption-attachment-12700\" style=\"width: 281px\" class=\"wp-caption alignnone\"><img decoding=\"async\" class=\" wp-image-12700\" src=\"https:\/\/homologacaosites.rj.sebrae.com.br\/crab\/wp-content\/uploads\/2024\/08\/Mestre-Nicola-1-175x300.png\" alt=\"\" width=\"281\" height=\"481\" srcset=\"https:\/\/homologacaosites.rj.sebrae.com.br\/crab\/wp-content\/uploads\/2024\/08\/Mestre-Nicola-1-175x300.png 175w, https:\/\/homologacaosites.rj.sebrae.com.br\/crab\/wp-content\/uploads\/2024\/08\/Mestre-Nicola-1-597x1024.png 597w, https:\/\/homologacaosites.rj.sebrae.com.br\/crab\/wp-content\/uploads\/2024\/08\/Mestre-Nicola-1-768x1318.png 768w, https:\/\/homologacaosites.rj.sebrae.com.br\/crab\/wp-content\/uploads\/2024\/08\/Mestre-Nicola-1-190x326.png 190w, https:\/\/homologacaosites.rj.sebrae.com.br\/crab\/wp-content\/uploads\/2024\/08\/Mestre-Nicola-1.png 825w\" sizes=\"(max-width: 281px) 100vw, 281px\" \/><figcaption id=\"caption-attachment-12700\" class=\"wp-caption-text\">Mestre Nicola.<\/figcaption><\/figure>\n<p>A heran\u00e7a do Mestre Nicola est\u00e1 relacionada a nossa tradi\u00e7\u00e3o colonial religiosa. Por s\u00e9culos o catolicismo foi declarado a \u00fanica religi\u00e3o do Brasil, seguindo com forte influ\u00eancia e fi\u00e9is at\u00e9 a atualidade.<\/p>\n<p>De fam\u00edlia cat\u00f3lica, Mestre Nicola cresceu ajudando as Missas do convento do col\u00e9gio Imaculadas Concei\u00e7\u00e3o e no convento de S\u00e3o Jos\u00e9 despertando admira\u00e7\u00e3o e respeito pelas pe\u00e7as sacras.<\/p>\n<p>Foi atrav\u00e9s da experi\u00eancia como membro da igreja e a observa\u00e7\u00e3o de cada detalhe dos santos e anjos que decoravam as paredes que o mestre Nicola encontrou sua voca\u00e7\u00e3o como artista.<\/p>\n<p>Mestre Nicola \u00e9 fruto de um Brasil diversificado, mas de profundas ra\u00edzes colonizadoras. Ele \u00e9 portador de uma t\u00e9cnica precisa e rica em detalhes e que nos presenteia atrav\u00e9s do entalhe esculturas que mantem viva a tradi\u00e7\u00e3o de nossa arte sacra.<\/p>\n","protected":false},"excerpt":{"rendered":"<p>A rela\u00e7\u00e3o entre arte do Mestre Nicola e seu territ\u00f3rio convergem de maneira muito singular. Adv\u00e9m de nossa hist\u00f3ria enquanto pa\u00eds revelando a forte influ\u00eancia da Igreja Cat\u00f3lica na coloniza\u00e7\u00e3o portuguesa no Brasil e seus desdobramentos em nossos aspectos sociais e culturais.<\/p>\n","protected":false},"author":313,"featured_media":12701,"comment_status":"closed","ping_status":"closed","sticky":false,"template":"","format":"aside","meta":{"footnotes":""},"categories":[281],"tags":[],"opcoes-da-programacao":[82],"class_list":["post-12691","post","type-post","status-publish","format-aside","has-post-thumbnail","hentry","category-artigo","post_format-post-format-aside","opcoes-da-programacao-destaque"],"_links":{"self":[{"href":"https:\/\/homologacaosites.rj.sebrae.com.br\/crab\/wp-json\/wp\/v2\/posts\/12691","targetHints":{"allow":["GET"]}}],"collection":[{"href":"https:\/\/homologacaosites.rj.sebrae.com.br\/crab\/wp-json\/wp\/v2\/posts"}],"about":[{"href":"https:\/\/homologacaosites.rj.sebrae.com.br\/crab\/wp-json\/wp\/v2\/types\/post"}],"author":[{"embeddable":true,"href":"https:\/\/homologacaosites.rj.sebrae.com.br\/crab\/wp-json\/wp\/v2\/users\/313"}],"replies":[{"embeddable":true,"href":"https:\/\/homologacaosites.rj.sebrae.com.br\/crab\/wp-json\/wp\/v2\/comments?post=12691"}],"version-history":[{"count":0,"href":"https:\/\/homologacaosites.rj.sebrae.com.br\/crab\/wp-json\/wp\/v2\/posts\/12691\/revisions"}],"wp:featuredmedia":[{"embeddable":true,"href":"https:\/\/homologacaosites.rj.sebrae.com.br\/crab\/wp-json\/wp\/v2\/media\/12701"}],"wp:attachment":[{"href":"https:\/\/homologacaosites.rj.sebrae.com.br\/crab\/wp-json\/wp\/v2\/media?parent=12691"}],"wp:term":[{"taxonomy":"category","embeddable":true,"href":"https:\/\/homologacaosites.rj.sebrae.com.br\/crab\/wp-json\/wp\/v2\/categories?post=12691"},{"taxonomy":"post_tag","embeddable":true,"href":"https:\/\/homologacaosites.rj.sebrae.com.br\/crab\/wp-json\/wp\/v2\/tags?post=12691"},{"taxonomy":"opcoes-da-programacao","embeddable":true,"href":"https:\/\/homologacaosites.rj.sebrae.com.br\/crab\/wp-json\/wp\/v2\/opcoes-da-programacao?post=12691"}],"curies":[{"name":"wp","href":"https:\/\/api.w.org\/{rel}","templated":true}]}}