{"id":12704,"date":"2024-09-05T11:20:10","date_gmt":"2024-09-05T14:20:10","guid":{"rendered":"https:\/\/homologacaosites.rj.sebrae.com.br\/crab\/?p=12704"},"modified":"2024-09-05T14:22:39","modified_gmt":"2024-09-05T17:22:39","slug":"guia-das-maiores-feiras-de-artesanato-no-brasil-onde-estar-em-2024-e-2025","status":"publish","type":"post","link":"https:\/\/homologacaosites.rj.sebrae.com.br\/crab\/guia-das-maiores-feiras-de-artesanato-no-brasil-onde-estar-em-2024-e-2025\/","title":{"rendered":"Guia das maiores feiras de artesanato no Brasil: onde estar em 2024 e 2025"},"content":{"rendered":"<h2><span class=\"TextRun SCXW153517425 BCX8\" lang=\"PT-BR\" xml:lang=\"PT-BR\" data-contrast=\"auto\"><span class=\"NormalTextRun SCXW153517425 BCX8\">Confira o calend\u00e1rio das maiores feiras de arte e artesanato <\/span><span class=\"NormalTextRun SCXW153517425 BCX8\">para <\/span><span class=\"NormalTextRun SCXW153517425 BCX8\">participar <\/span><span class=\"NormalTextRun SCXW153517425 BCX8\">e se inspirar<\/span><\/span><\/h2>\n<p><span class=\"EOP SCXW153517425 BCX8\" data-ccp-props=\"{&quot;201341983&quot;:0,&quot;335559739&quot;:0,&quot;335559740&quot;:240}\"><span class=\"TextRun SCXW6473598 BCX8\" lang=\"PT-BR\" xml:lang=\"PT-BR\" data-contrast=\"auto\"><span class=\"NormalTextRun SCXW6473598 BCX8\">As feiras de artesanato s\u00e3o <\/span><span class=\"NormalTextRun SCXW6473598 BCX8\">um ponto de encontro para diferentes express\u00f5es culturais, conectando artes\u00e3os e p\u00fablicos diversos. No Brasil, <\/span><span class=\"NormalTextRun SCXW6473598 BCX8\">elas<\/span><span class=\"NormalTextRun SCXW6473598 BCX8\"> se tornaram vitrines da produ\u00e7\u00e3o local e nacional, destacando a pluralidade que faz do nosso pa\u00eds uma refer\u00eancia mundial.<\/span> <span class=\"NormalTextRun SCXW6473598 BCX8\">Visitar uma feira de artesanato \u00e9 uma experi\u00eancia \u00fanica. Al\u00e9m de apoiar o trabalho dos artes\u00e3os e valorizar a produ\u00e7\u00e3o local, \u00e9 uma oportunidade de adquirir pe\u00e7as exclusivas, feitas \u00e0 m\u00e3o e carregadas de significado. As feiras tamb\u00e9m s\u00e3o espa\u00e7os para workshops, apresenta\u00e7\u00f5es culturais e, muitas vezes, experimenta\u00e7\u00f5es gastron\u00f4micas. Ou seja, elas s\u00e3o um mergulho nas ra\u00edzes culturais do Brasil.<\/span><\/span><\/span><\/p>\n<figure id=\"attachment_12705\" aria-describedby=\"caption-attachment-12705\" style=\"width: 390px\" class=\"wp-caption alignnone\"><img fetchpriority=\"high\" decoding=\"async\" class=\" wp-image-12705\" src=\"https:\/\/homologacaosites.rj.sebrae.com.br\/crab\/wp-content\/uploads\/2024\/09\/A-diversidade-cultural-faz-do-Brasil-um-verdadeiro-celeiro-de-criatividade-e-arte-300x225.png\" alt=\"\" width=\"390\" height=\"292\" srcset=\"https:\/\/homologacaosites.rj.sebrae.com.br\/crab\/wp-content\/uploads\/2024\/09\/A-diversidade-cultural-faz-do-Brasil-um-verdadeiro-celeiro-de-criatividade-e-arte-300x225.png 300w, https:\/\/homologacaosites.rj.sebrae.com.br\/crab\/wp-content\/uploads\/2024\/09\/A-diversidade-cultural-faz-do-Brasil-um-verdadeiro-celeiro-de-criatividade-e-arte-768x576.png 768w, https:\/\/homologacaosites.rj.sebrae.com.br\/crab\/wp-content\/uploads\/2024\/09\/A-diversidade-cultural-faz-do-Brasil-um-verdadeiro-celeiro-de-criatividade-e-arte-190x142.png 190w, https:\/\/homologacaosites.rj.sebrae.com.br\/crab\/wp-content\/uploads\/2024\/09\/A-diversidade-cultural-faz-do-Brasil-um-verdadeiro-celeiro-de-criatividade-e-arte.png 774w\" sizes=\"(max-width: 390px) 100vw, 390px\" \/><figcaption id=\"caption-attachment-12705\" class=\"wp-caption-text\">A diversidade cultural faz do Brasil um verdadeiro celeiro de criatividade e arte. (Foto: Sal\u00e3o do Artesanato SP, 2023. Fonte: <a href=\"https:\/\/salaodoartesanato.com.br\/\" target=\"_blank\" rel=\"noopener\">salaodoartesanato<\/a>) reprodu\u00e7\u00e3o da internet)<\/figcaption><\/figure>\n<p>&nbsp;<\/p>\n<h2><strong>Muito mais do que exposi\u00e7\u00f5es comerciais, os sal\u00f5es e feiras de artesanato giram a economia do Brasil.<\/strong><\/h2>\n<p>Seja pela diversidade cultural ou pela riqueza das tradi\u00e7\u00f5es manuais, o Brasil \u00e9 um pa\u00eds que respira artesanato. De norte a sul, cada regi\u00e3o tem suas pr\u00f3prias tradi\u00e7\u00f5es, que mant\u00eam viva a ess\u00eancia cultural de cada canto do Brasil, criando um mosaico de hist\u00f3rias e t\u00e9cnicas que se renovam a cada gera\u00e7\u00e3o.<\/p>\n<p>Filha de Artes\u00e3os, com ateli\u00ea pr\u00f3prio, a ceramista Lenynha Tib\u00farcio exp\u00f4s suas cole\u00e7\u00f5es e trabalhos autorais na Feira Nacional de Neg\u00f3cios do Artesanato (Fenearte), considerada a maior feira do g\u00eanero na Am\u00e9rica Latina, em julho desse ano. \u201cEu\u00a0exponho h\u00e1 12 anos, individual. A Fenearte pra mim \u00e9 muito importante, \u00e9 como se fosse uma vitrine para a gente. Exp\u00f5e nosso trabalho, nossa obra, para o mundo\u201d, disse em seu depoimento para o <a href=\"https:\/\/agenciabrasil.ebc.com.br\/radioagencia-nacional\/cultura\/audio\/2024-07\/feira-nacional-de-artesanato-reune-cinco-mil-artesaos-em-olinda\" target=\"_blank\" rel=\"noopener\">site da Ag\u00eancia Brasil<\/a>.<\/p>\n<p><img decoding=\"async\" class=\"alignnone wp-image-12706\" src=\"https:\/\/homologacaosites.rj.sebrae.com.br\/crab\/wp-content\/uploads\/2024\/09\/Stand-de-Lenynha-durante-a-Fenearte-em-2023-Foto-reproducao-do-Instagram-2023-300x225.png\" alt=\"\" width=\"396\" height=\"297\" srcset=\"https:\/\/homologacaosites.rj.sebrae.com.br\/crab\/wp-content\/uploads\/2024\/09\/Stand-de-Lenynha-durante-a-Fenearte-em-2023-Foto-reproducao-do-Instagram-2023-300x225.png 300w, https:\/\/homologacaosites.rj.sebrae.com.br\/crab\/wp-content\/uploads\/2024\/09\/Stand-de-Lenynha-durante-a-Fenearte-em-2023-Foto-reproducao-do-Instagram-2023-768x576.png 768w, https:\/\/homologacaosites.rj.sebrae.com.br\/crab\/wp-content\/uploads\/2024\/09\/Stand-de-Lenynha-durante-a-Fenearte-em-2023-Foto-reproducao-do-Instagram-2023-190x142.png 190w, https:\/\/homologacaosites.rj.sebrae.com.br\/crab\/wp-content\/uploads\/2024\/09\/Stand-de-Lenynha-durante-a-Fenearte-em-2023-Foto-reproducao-do-Instagram-2023.png 774w\" sizes=\"(max-width: 396px) 100vw, 396px\" \/><\/p>\n<figure id=\"attachment_12707\" aria-describedby=\"caption-attachment-12707\" style=\"width: 396px\" class=\"wp-caption alignnone\"><img decoding=\"async\" class=\" wp-image-12707\" src=\"https:\/\/homologacaosites.rj.sebrae.com.br\/crab\/wp-content\/uploads\/2024\/09\/Stand-de-Lenynha-durante-a-Fenearte-em-2023-Foto-reproducao-do-Instagram-2023-1-300x225.png\" alt=\"\" width=\"396\" height=\"297\" srcset=\"https:\/\/homologacaosites.rj.sebrae.com.br\/crab\/wp-content\/uploads\/2024\/09\/Stand-de-Lenynha-durante-a-Fenearte-em-2023-Foto-reproducao-do-Instagram-2023-1-300x225.png 300w, https:\/\/homologacaosites.rj.sebrae.com.br\/crab\/wp-content\/uploads\/2024\/09\/Stand-de-Lenynha-durante-a-Fenearte-em-2023-Foto-reproducao-do-Instagram-2023-1-768x576.png 768w, https:\/\/homologacaosites.rj.sebrae.com.br\/crab\/wp-content\/uploads\/2024\/09\/Stand-de-Lenynha-durante-a-Fenearte-em-2023-Foto-reproducao-do-Instagram-2023-1-190x142.png 190w, https:\/\/homologacaosites.rj.sebrae.com.br\/crab\/wp-content\/uploads\/2024\/09\/Stand-de-Lenynha-durante-a-Fenearte-em-2023-Foto-reproducao-do-Instagram-2023-1.png 774w\" sizes=\"(max-width: 396px) 100vw, 396px\" \/><figcaption id=\"caption-attachment-12707\" class=\"wp-caption-text\">Stand de Lenynha durante a Fenearte em 2023 (Foto: reprodu\u00e7\u00e3o do Instagram, 2023)<\/figcaption><\/figure>\n<h2><strong>Ainda d\u00e1 tempo! Veja as feiras de artesanato que v\u00e3o acontecer 2024<\/strong><\/h2>\n<p><strong>Feira Nacional de Artesanato e Cultura (Fenacce) &#8211; <\/strong>Tem como prop\u00f3sito impulsionar o artesanato e a cultura como atividades econ\u00f4micas sustent\u00e1veis, promovendo inclus\u00e3o social e valorizando a identidade cultural cearense.<\/p>\n<p><strong>Quando:<\/strong> 20 a 29 de setembro de 2024<\/p>\n<p><strong>Onde:<\/strong> Centro de Eventos do Cear\u00e1, em\u00a0Pacajus\u00a0(CE)<\/p>\n<p><strong>Mais informa\u00e7\u00f5es: <\/strong><a href=\"https:\/\/www.instagram.com\/fenacce?igsh=ZW1yYnk3ZDdvc2tu\" target=\"_blank\" rel=\"noopener\">instagram<\/a><\/p>\n<p><strong>\u00a0<\/strong><\/p>\n<p><strong>ArteSanto <\/strong>\u2013 Em sua 12\u00aa edi\u00e7\u00e3o, o evento exalta a riqueza do artesanato capixaba e promove a cultura e tradi\u00e7\u00e3o da regi\u00e3o.<\/p>\n<p><strong>Quando<\/strong>: 13 a 22 de setembro de 2024<\/p>\n<p><strong>Onde:<\/strong> Pra\u00e7a do Papa, em Vit\u00f3ria (ES).<\/p>\n<p><strong>Mais informa\u00e7\u00f5es:<\/strong> <a href=\"https:\/\/www.artesanto.com.br\/\" target=\"_blank\" rel=\"noopener\">artesanto<\/a><\/p>\n<p><strong>\u00a0<\/strong><\/p>\n<p><strong>Artesanal Centro-Oeste \u2013 <\/strong>O evento conta com cursos, exposi\u00e7\u00f5es, demonstra\u00e7\u00f5es e lan\u00e7amentos de novidades no mercado.<\/p>\n<p><strong>Quando: <\/strong>2 a 5 de outubro de 2024<\/p>\n<p><strong>Onde: <\/strong>Centro de Conven\u00e7\u00f5es de Goi\u00e2nia<\/p>\n<p><strong>Mais informa\u00e7\u00f5es: <\/strong><a href=\"https:\/\/www.wrsaopaulo.com.br\/artesanalcentrooeste\" target=\"_blank\" rel=\"noopener\">wrsaopaulo\/artesanalcentrooeste<\/a><\/p>\n<p><strong>\u00a0<\/strong><\/p>\n<p><strong>Semana Criativa de Tiradentes &#8211; <\/strong>Projeto cultural e social, que acontece em Tiradentes (MG) durante todo o ano. Em outubro, acontece o festival, uma verdadeira maratona de conte\u00fado e de experi\u00eancia sobre artesanato, design, arquitetura, gastronomia e estilo de vida brasileiros.<\/p>\n<p><strong>Quando:<\/strong> 17 a 20 de outubro de 2024<\/p>\n<p><strong>Onde: <\/strong>Tiradentes (MG)<\/p>\n<p><strong>Mais informa\u00e7\u00f5es: <\/strong><a href=\"https:\/\/semanacriativadetiradentes.com.br\/\" target=\"_blank\" rel=\"noopener\">semanacriativadetiradentes<\/a><\/p>\n<p><strong>\u00a0<\/strong><\/p>\n<p><strong>Feira Nacional do Artesanato (FNA) \u2013 <\/strong>Realizada em Belo Horizonte (MG), em 2024 a FNA vai reunir a gastronomia, a m\u00fasica e a arte dos 208\u00a0munic\u00edpios que comp\u00f5em os vales do Jequitinhonha, Mucuri e Rio Doce, al\u00e9m dos munic\u00edpios que circundam o Rio S\u00e3o Francisco<strong>.<\/strong><\/p>\n<p><strong>Quando: <\/strong>de 4 a 8 de dezembro de 2024<\/p>\n<p><strong>Onde: <\/strong>Expominas BH<\/p>\n<p><strong>Mais informa\u00e7\u00f5es: <\/strong><a href=\"https:\/\/www.feiranacionaldeartesanato.com.br\/\" target=\"_blank\" rel=\"noopener\">feiranacionaldeartesanato<\/a><\/p>\n<p>&nbsp;<\/p>\n<figure id=\"attachment_12710\" aria-describedby=\"caption-attachment-12710\" style=\"width: 339px\" class=\"wp-caption alignnone\"><img loading=\"lazy\" decoding=\"async\" class=\" wp-image-12710\" src=\"https:\/\/homologacaosites.rj.sebrae.com.br\/crab\/wp-content\/uploads\/2024\/09\/As-feiras-promovem-o-trabalho-dos-artesaos-geram-renda-e-oportunidades-de-negocios-232x300.png\" alt=\"\" width=\"339\" height=\"438\" srcset=\"https:\/\/homologacaosites.rj.sebrae.com.br\/crab\/wp-content\/uploads\/2024\/09\/As-feiras-promovem-o-trabalho-dos-artesaos-geram-renda-e-oportunidades-de-negocios-232x300.png 232w, https:\/\/homologacaosites.rj.sebrae.com.br\/crab\/wp-content\/uploads\/2024\/09\/As-feiras-promovem-o-trabalho-dos-artesaos-geram-renda-e-oportunidades-de-negocios-190x246.png 190w, https:\/\/homologacaosites.rj.sebrae.com.br\/crab\/wp-content\/uploads\/2024\/09\/As-feiras-promovem-o-trabalho-dos-artesaos-geram-renda-e-oportunidades-de-negocios.png 574w\" sizes=\"(max-width: 339px) 100vw, 339px\" \/><figcaption id=\"caption-attachment-12710\" class=\"wp-caption-text\">As feiras promovem o trabalho dos artes\u00e3os, geram renda e oportunidades de neg\u00f3cios. (Foto: Sal\u00e3o do Artesanato SP, 2023. Fonte: <a href=\"https:\/\/salaodoartesanato.com.br\/\" target=\"_blank\" rel=\"noopener\">salaodoartesanato<\/a>)<\/figcaption><\/figure>\n<p>&nbsp;<\/p>\n<h2><strong>Se programe para ano que vem e acompanhe as principais feiras de artesanato de 2025<\/strong><\/h2>\n<p><strong>Feira Nacional de Neg\u00f3cios do Artesanato (Fenearte)<\/strong> &#8211; Al\u00e9m da exposi\u00e7\u00e3o e venda de artesanatos, h\u00e1 tamb\u00e9m oficinas, palestras, apresenta\u00e7\u00f5es musicais e eventos culin\u00e1rios.\u00a0Acontece anualmente em Olinda (PE).<\/p>\n<p>Costuma acontecer em junho.<\/p>\n<p><strong>Mais informa\u00e7\u00f5es:<\/strong> <a href=\"https:\/\/fenearte.pe.gov.br\/#sons\" target=\"_blank\" rel=\"noopener\">fenearte.pe.gov.br<\/a><\/p>\n<p><strong>\u00a0<\/strong><\/p>\n<p><strong>Sal\u00e3o do Artesanato<\/strong> &#8211; Com o objetivo de valorizar o artesanato como patrim\u00f4nio cultural e impulsionar o setor, o evento acontece anualmente, alterando o local entre S\u00e3o Paulo (SP) e Bras\u00edlia (DF). A 18\u00aa edi\u00e7\u00e3o aconteceu no final de agosto, no pavilh\u00e3o da Bienal, em S\u00e3o Paulo.<br \/>\nO m\u00eas de agosto costuma ser o escolhido para essa feira.<\/p>\n<p><strong>Fique atento para a pr\u00f3xima edi\u00e7\u00e3o:<\/strong> <a href=\"https:\/\/salaodoartesanato.com.br\/\" target=\"_blank\" rel=\"noopener\">salaodoartesanato<\/a><\/p>\n<p>&nbsp;<\/p>\n<p><strong>Feira Nacional de Artesanato e Cultura (Fenacce) &#8211; <\/strong>Tem como prop\u00f3sito impulsionar o artesanato e a cultura como atividades econ\u00f4micas sustent\u00e1veis, promovendo inclus\u00e3o social e valorizando a identidade cultural cearense.<\/p>\n<p>Costuma acontecer em setembro.<\/p>\n<p><strong>Mais informa\u00e7\u00f5es: <\/strong><a href=\"https:\/\/www.instagram.com\/fenacce?igsh=ZW1yYnk3ZDdvc2tu\" target=\"_blank\" rel=\"noopener\">instagram<\/a><\/p>\n<p><strong>\u00a0<\/strong><\/p>\n<p><strong>Feira Nacional do Artesanato (FNA) \u2013 <\/strong>Realizada em Belo Horizonte (MG), em 2024 a FNA vai reunir a gastronomia, a m\u00fasica e a arte dos 208\u00a0munic\u00edpios que comp\u00f5em os vales do Jequitinhonha, Mucuri e Rio Doce, al\u00e9m dos munic\u00edpios que circundam o Rio S\u00e3o Francisco<strong>.<\/strong><\/p>\n<p>Costuma acontecer em dezembro.<\/p>\n<p><strong>Mais informa\u00e7\u00f5es: <\/strong><a href=\"https:\/\/www.feiranacionaldeartesanato.com.br\/\" target=\"_blank\" rel=\"noopener\">feiranacionaldeartesanato<\/a><\/p>\n<p>&nbsp;<\/p>\n<h2><strong>Vale deixar no radar! Abaixo uma lista de feiras de artesanato e manualidades de 2025<\/strong><\/h2>\n<p><strong>ArteSanto <\/strong>\u2013 O evento exalta a riqueza do artesanato capixaba e promove a cultura e tradi\u00e7\u00e3o da regi\u00e3o.<\/p>\n<p>Costuma acontecer em setembro.<\/p>\n<p><strong>Mais informa\u00e7\u00f5es:<\/strong> <a href=\"https:\/\/www.artesanto.com.br\/\" target=\"_blank\" rel=\"noopener\">artesanto<\/a><\/p>\n<p><strong>\u00a0<\/strong><\/p>\n<p><strong>Feira Internacional de Artesanato \u2013 <\/strong>A <strong>Fiart<\/strong> tem em sua ess\u00eancia o objetivo de aproximar, valorizar e dar espa\u00e7o para as manifesta\u00e7\u00f5es tradicionais, produ\u00e7\u00f5es artesanais das tribos ind\u00edgenas, mostra de grupos folcl\u00f3ricos, mostra de cultura popular. O evento acontece anualmente em Natal (RN).<\/p>\n<p><strong>Quando:<\/strong> 24 de janeiro a 2 de fevereiro de 2025<\/p>\n<p><strong>Onde:<\/strong> Centro de conven\u00e7\u00f5es de Natal<\/p>\n<p><strong>Mais informa\u00e7\u00f5es:<\/strong> <a href=\"https:\/\/www.instagram.com\/feirafiart\/\" target=\"_blank\" rel=\"noopener\">instagram<\/a><\/p>\n<p>&nbsp;<\/p>\n<p><strong>Artesanal Sul<\/strong> \u2013 A feira re\u00fane ind\u00fastria, com\u00e9rcio, ateli\u00eas e artes\u00e3os para mostrar o melhor das artes manuais e artesanato.<\/p>\n<p><strong>Quando:<\/strong> 19 a 22 de mar\u00e7o de 2025<\/p>\n<p><strong>Onde:<\/strong> BarraShoppingSul \u2013 Porto Alegre (RS)<\/p>\n<p><strong>Mais informa\u00e7\u00f5es:<\/strong> <a href=\"https:\/\/www.wrsaopaulo.com.br\/artesanalsul\" target=\"_blank\" rel=\"noopener\">wrsaopaulo\/artesanalsul<\/a><\/p>\n<p>&nbsp;<\/p>\n<p><strong>Rio Artes \u2013<\/strong>\u00a0Na sua 17\u00aa edi\u00e7\u00e3o, a feira tem como proposta impulsionar modelos de neg\u00f3cio e gest\u00e3o baseados em conhecimento e criatividade.<\/p>\n<p><strong>Quando:<\/strong> 9 a 13 de abril de 2025.<\/p>\n<p><strong>Onde:<\/strong> Rio de Janeiro (RJ)<\/p>\n<p><strong>Mais informa\u00e7\u00f5es:<\/strong> <a href=\"https:\/\/www.instagram.com\/feirarioartes\/\" target=\"_blank\" rel=\"noopener\">instagram<\/a><\/p>\n<p>&nbsp;<\/p>\n<p><strong>FeiArte &#8211;<\/strong>\u00a0Principal feira de artesanato na regi\u00e3o sul do pa\u00eds, \u00e9 refer\u00eancia no segmento como um dos principais canais de distribui\u00e7\u00e3o e venda de pe\u00e7as artesanais no pa\u00eds. Ela j\u00e1 contou com edi\u00e7\u00f5es em importantes cidades brasileiras como Florian\u00f3polis, Cuiab\u00e1 e Porto Alegre, al\u00e9m da tradicional realiza\u00e7\u00e3o em Curitiba.<\/p>\n<p><strong>Quando:<\/strong> 1\u00ba a 11 de maio de 2025<\/p>\n<p><strong>Onde:<\/strong> Parque Barigui<\/p>\n<p><strong>Mais informa\u00e7\u00f5es: <\/strong><a href=\"https:\/\/www.instagram.com\/feirafeiarte\/\" target=\"_blank\" rel=\"noopener\">instagram<\/a><\/p>\n<p>&nbsp;<\/p>\n<p><strong>Mega Artesanal<\/strong> &#8211; com mais de 15 anos de hist\u00f3ria, re\u00fane Ind\u00fastria, Com\u00e9rcio, Ateli\u00eas, Confeiteiros e Artes\u00e3os, o evento traz uma vasta programa\u00e7\u00e3o com milhares de cursos e demonstra\u00e7\u00f5es.<\/p>\n<p><strong>Quando:<\/strong> 5 a 9 de julho de 2025<\/p>\n<p><strong>Onde:<\/strong> S\u00e3o Paulo Expo \u2013 Barra Funda \u2013 S\u00e3o Paulo (SP)<\/p>\n<p><strong>Mais informa\u00e7\u00f5es:<\/strong> <a href=\"https:\/\/www.wrsaopaulo.com.br\/megaartesanal\" target=\"_blank\" rel=\"noopener\">wrsaopaulo\/megaartesanal<\/a><\/p>\n<p><strong>\u00a0<\/strong><\/p>\n<p><strong>Algod\u00e3o Doce Festival<\/strong> \u2013 Pioneira no mercado de Santa Catarina, a feira acontece desde 2010 contemplando todos que acreditam na ess\u00eancia dos trabalhos feitos \u00e0 m\u00e3o.<\/p>\n<p>Costuma acontecer em abril.<\/p>\n<p><strong>Mais informa\u00e7\u00f5es:<\/strong> <a href=\"https:\/\/festivalalgodaodoce.com.br\/\" target=\"_blank\" rel=\"noopener\">festivalalgodaodoce<\/a><\/p>\n<p>&nbsp;<\/p>\n<figure id=\"attachment_12714\" aria-describedby=\"caption-attachment-12714\" style=\"width: 435px\" class=\"wp-caption alignnone\"><img loading=\"lazy\" decoding=\"async\" class=\" wp-image-12714\" src=\"https:\/\/homologacaosites.rj.sebrae.com.br\/crab\/wp-content\/uploads\/2024\/09\/As-pecas-feitas-a-mao-carregam-a-energia-transformadora-de-quem-dedica-tempo-conhecimento-e-afeto-201x300.png\" alt=\"\" width=\"435\" height=\"649\" srcset=\"https:\/\/homologacaosites.rj.sebrae.com.br\/crab\/wp-content\/uploads\/2024\/09\/As-pecas-feitas-a-mao-carregam-a-energia-transformadora-de-quem-dedica-tempo-conhecimento-e-afeto-201x300.png 201w, https:\/\/homologacaosites.rj.sebrae.com.br\/crab\/wp-content\/uploads\/2024\/09\/As-pecas-feitas-a-mao-carregam-a-energia-transformadora-de-quem-dedica-tempo-conhecimento-e-afeto-190x284.png 190w\" sizes=\"(max-width: 435px) 100vw, 435px\" \/><figcaption id=\"caption-attachment-12714\" class=\"wp-caption-text\">As pe\u00e7as feitas \u00e0 m\u00e3o carregam a energia transformadora de quem dedica tempo, conhecimento e afeto (Foto: Sal\u00e3o do Artesanato SP, 2023. Fonte: <a href=\"https:\/\/salaodoartesanato.com.br\/\" target=\"_blank\" rel=\"noopener\">salaodoartesanato<\/a>\u00a0)<\/figcaption><\/figure>\n<h3><\/h3>\n<h3><strong>Bibliografia<\/strong><\/h3>\n<p><strong>AG\u00caNCIA BRASIL.<\/strong> Feira Nacional de Artesanato re\u00fane cinco mil artes\u00e3os em Olinda. <em>Ag\u00eancia Brasil<\/em>, 12 jul. 2024. Dispon\u00edvel em: <a href=\"https:\/\/agenciabrasil.ebc.com.br\/radioagencia-nacional\/cultura\/audio\/2024-07\/feira-nacional-de-artesanato-reune-cinco-mil-artesaos-em-olinda\" target=\"_blank\" rel=\"noopener\">agenciabrasil.ebc.com.br<\/a>\u00a0Acesso em: 29 ago. 2024.<\/p>\n<p><strong>TIB\u00daRCIO, Leninha.<\/strong> @lenys_leninhatiburcio. <em>Instagram<\/em>. Dispon\u00edvel em: <a href=\"https:\/\/www.instagram.com\/lenys_leninhatiburcio\/\" target=\"_blank\" rel=\"noopener\">instagram<\/a>. Acesso em: 30 ago. 2024.<\/p>\n<p><strong>REVISTA CASA E JARDIM.<\/strong> Fenearte 2024: as novidades e os destaques da feira de artesanato. <em>Revista Casa e Jardim<\/em>, 1 jul. 2024. Dispon\u00edvel em: <a href=\"https:\/\/revistacasaejardim.globo.com\/artesanato\/noticia\/2024\/07\/fenearte-2024-as-novidades-e-os-destaques-da-feira-de-artesanato.ghtml\" target=\"_blank\" rel=\"noopener\">revistacasaejardim.globo.com<\/a>. Acesso em: 29 ago. 2024.<\/p>\n<p><strong>REVISTA DA PAPELARIA.<\/strong> Feiras de artesanato 2024. <em>Revista da Papelaria<\/em>, 27 ago. 2024. Dispon\u00edvel em: <a href=\"https:\/\/revistadapapelaria.com.br\/artes-e-artesanato\/feiras-de-artesanato-2024\/\" target=\"_blank\" rel=\"noopener\">revistadapapelaria<\/a>. Acesso em: 29 ago. 2024.<\/p>\n<p><strong>GOVERNO FEDERAL.<\/strong> Feira Nacional de Neg\u00f3cios do Artesanato &#8211; Fenearte 2023. <em>Governo Federal &#8211; Portal Empresas e Neg\u00f3cios<\/em>, 2 jul. 2023. Dispon\u00edvel em: <a href=\"https:\/\/www.gov.br\/empresas-e-negocios\/pt-br\/artesanato\/noticias\/feira-nacional-de-negocios-do-artesanato-fenearte-2023\" target=\"_blank\" rel=\"noopener\">gov.br<\/a>. Acesso em: 29 ago. 2024.<\/p>\n<p>Artesanto: feiras e eventos. <em>Artesanto<\/em>. Dispon\u00edvel em: <a href=\"https:\/\/www.artesanto.com.br\/\" target=\"_blank\" rel=\"noopener\">artesanto<\/a>. Acesso em: 29 ago. 2024.<\/p>\n<p>@fenacce. <em>Instagram<\/em>. Dispon\u00edvel em: <a href=\"https:\/\/www.instagram.com\/fenacce?igsh=ZW1yYnk3ZDdvc2tu\" target=\"_blank\" rel=\"noopener\">instagram<\/a>. Acesso em: 29 ago. 2024.<\/p>\n<p><strong>WR S\u00c3O PAULO.<\/strong> Artesanal Centro-Oeste 2024. <em>WR S\u00e3o Paulo<\/em>. Dispon\u00edvel em: <a href=\"https:\/\/www.wrsaopaulo.com.br\/artesanalcentrooeste\" target=\"_blank\" rel=\"noopener\">wrsaopaulo\/artesanalcentrooeste<\/a>. Acesso em: 29 ago. 2024.<\/p>\n<p><strong>SEMANA CRIATIVA DE TIRADENTES.<\/strong> Tiradentes 2024: programa\u00e7\u00e3o e eventos. <em>Semana Criativa de Tiradentes<\/em>. Dispon\u00edvel em: <a href=\"https:\/\/semanacriativadetiradentes.com.br\/\" target=\"_blank\" rel=\"noopener\">semanacriativadetiradentes<\/a>. Acesso em: 2 set. 2024.<\/p>\n<p><strong>FEIRA NACIONAL DE ARTESANATO.<\/strong> Feira Nacional de Artesanato. <em>Feira Nacional de Artesanato<\/em>. Dispon\u00edvel em: <a href=\"https:\/\/www.feiranacionaldeartesanato.com.br\/\" target=\"_blank\" rel=\"noopener\">feiranacionaldeartesanato<\/a>. Acesso em: 29 ago. 2024.<\/p>\n<p>@feirafiart. <em>Instagram<\/em>. Dispon\u00edvel em: <a href=\"https:\/\/www.instagram.com\/feirafiart\/\" target=\"_blank\" rel=\"noopener\">instagram<\/a>. Acesso em: 29 ago. 2024.<\/p>\n<p><strong>WR S\u00c3O PAULO.<\/strong> Artesanal Sul 2024. <em>WR S\u00e3o Paulo<\/em>. Dispon\u00edvel em: <a href=\"https:\/\/www.wrsaopaulo.com.br\/artesanalsul\" target=\"_blank\" rel=\"noopener\">wrsaopaulo\/artesanalsul<\/a>. Acesso em: 29 ago. 2024.<\/p>\n<p><strong>RIO ARTES.<\/strong> @feirarioartes. <em>Instagram<\/em>. Dispon\u00edvel em: <a href=\"https:\/\/www.instagram.com\/feirarioartes\/\" target=\"_blank\" rel=\"noopener\">instagram<\/a>. Acesso em: 29 ago. 2024.<\/p>\n<p>@feirafeiarte. <em>Instagram<\/em>. Dispon\u00edvel em: <a href=\"https:\/\/www.instagram.com\/feirafeiarte\/\" target=\"_blank\" rel=\"noopener\">instagram<\/a>. Acesso em: 29 ago. 2024.<\/p>\n<p><strong>WR S\u00c3O PAULO.<\/strong> Mega Artesanal 2024. <em>WR S\u00e3o Paulo<\/em>. Dispon\u00edvel em: <a href=\"https:\/\/www.wrsaopaulo.com.br\/megaartesanal\" target=\"_blank\" rel=\"noopener\">wrsaopaulo\/megaartesanal<\/a>. Acesso em: 29 ago. 2024.<\/p>\n<p><strong>FESTIVAL ALGOD\u00c3O DOCE.<\/strong> Festival Algod\u00e3o Doce. <em>Festival Algod\u00e3o Doce<\/em>. Dispon\u00edvel em: <a href=\"https:\/\/festivalalgodaodoce.com.br\/\" target=\"_blank\" rel=\"noopener\">festivalalgodaodoce<\/a>. Acesso em: 29 ago. 2024.<\/p>\n<p>Sons da Fenearte 2024. <em>Fenearte<\/em>. Dispon\u00edvel em: <a href=\"https:\/\/fenearte.pe.gov.br\/#sons\" target=\"_blank\" rel=\"noopener\">fenearte.pe.gov.br<\/a>\u00a0Acesso em: 29 ago. 2024.<\/p>\n<p><strong>SAL\u00c3O DO ARTESANATO.<\/strong> Sal\u00e3o do Artesanato 2024. <em>Sal\u00e3o do Artesanato<\/em>. Dispon\u00edvel em: <a href=\"https:\/\/salaodoartesanato.com.br\/\" target=\"_blank\" rel=\"noopener\">salaodoartesanato<\/a>. Acesso em: 29 ago. 2024.<\/p>\n<p><strong>SEBRAE PERNAMBUCO.<\/strong> Principais feiras de artesanato de Pernambuco e do mundo. <em>Sebrae<\/em>. Dispon\u00edvel em: <a href=\"https:\/\/sebrae.com.br\/sites\/PortalSebrae\/ufs\/pe\/artigos\/principais-feiras-de-artesanato-de-pernambuco-e-do-mundo,dfd55d0eb1b46810VgnVCM1000001b00320aRCRD\" target=\"_blank\" rel=\"noopener\">sebrae<\/a>. Acesso em: 29 ago. 2024.<\/p>\n<p><strong>FUNDA\u00c7\u00c3O DE CULTURA DE MS.<\/strong> Artes\u00e3os falam sobre a import\u00e2ncia de participar de feiras nacionais durante o 15\u00ba Sal\u00e3o de Artesanato. <em>Funda\u00e7\u00e3o de Cultura de MS<\/em>, 15 jul. 2024. Dispon\u00edvel em: <a href=\"https:\/\/www.fundacaodecultura.ms.gov.br\/artesaos-falam-sobre-a-importancia-de-participar-de-feiras-nacionais-durante-o-15o-salao-de-artesanato\/\" target=\"_blank\" rel=\"noopener\">fundacaodecultura.ms.gov.br<\/a>. Acesso em: 29 ago. 2024.<\/p>\n","protected":false},"excerpt":{"rendered":"<p>As feiras de artesanato s\u00e3o um ponto de encontro para diferentes express\u00f5es culturais, conectando artes\u00e3os e p\u00fablicos diversos. No Brasil, elas se tornaram vitrines da produ\u00e7\u00e3o local e nacional, destacando a pluralidade que faz do nosso pa\u00eds uma refer\u00eancia mundial.<\/p>\n","protected":false},"author":313,"featured_media":12717,"comment_status":"closed","ping_status":"closed","sticky":false,"template":"","format":"aside","meta":{"footnotes":""},"categories":[281],"tags":[],"opcoes-da-programacao":[82],"class_list":["post-12704","post","type-post","status-publish","format-aside","has-post-thumbnail","hentry","category-artigo","post_format-post-format-aside","opcoes-da-programacao-destaque"],"_links":{"self":[{"href":"https:\/\/homologacaosites.rj.sebrae.com.br\/crab\/wp-json\/wp\/v2\/posts\/12704","targetHints":{"allow":["GET"]}}],"collection":[{"href":"https:\/\/homologacaosites.rj.sebrae.com.br\/crab\/wp-json\/wp\/v2\/posts"}],"about":[{"href":"https:\/\/homologacaosites.rj.sebrae.com.br\/crab\/wp-json\/wp\/v2\/types\/post"}],"author":[{"embeddable":true,"href":"https:\/\/homologacaosites.rj.sebrae.com.br\/crab\/wp-json\/wp\/v2\/users\/313"}],"replies":[{"embeddable":true,"href":"https:\/\/homologacaosites.rj.sebrae.com.br\/crab\/wp-json\/wp\/v2\/comments?post=12704"}],"version-history":[{"count":0,"href":"https:\/\/homologacaosites.rj.sebrae.com.br\/crab\/wp-json\/wp\/v2\/posts\/12704\/revisions"}],"wp:featuredmedia":[{"embeddable":true,"href":"https:\/\/homologacaosites.rj.sebrae.com.br\/crab\/wp-json\/wp\/v2\/media\/12717"}],"wp:attachment":[{"href":"https:\/\/homologacaosites.rj.sebrae.com.br\/crab\/wp-json\/wp\/v2\/media?parent=12704"}],"wp:term":[{"taxonomy":"category","embeddable":true,"href":"https:\/\/homologacaosites.rj.sebrae.com.br\/crab\/wp-json\/wp\/v2\/categories?post=12704"},{"taxonomy":"post_tag","embeddable":true,"href":"https:\/\/homologacaosites.rj.sebrae.com.br\/crab\/wp-json\/wp\/v2\/tags?post=12704"},{"taxonomy":"opcoes-da-programacao","embeddable":true,"href":"https:\/\/homologacaosites.rj.sebrae.com.br\/crab\/wp-json\/wp\/v2\/opcoes-da-programacao?post=12704"}],"curies":[{"name":"wp","href":"https:\/\/api.w.org\/{rel}","templated":true}]}}